{"id":809,"date":"2024-03-06T00:05:17","date_gmt":"2024-03-05T23:05:17","guid":{"rendered":"http:\/\/cosmoguada.es\/?p=809"},"modified":"2024-03-06T00:05:18","modified_gmt":"2024-03-05T23:05:18","slug":"el-cielo-de-marzo","status":"publish","type":"post","link":"https:\/\/cosmoguada.es\/en\/2024\/03\/06\/el-cielo-de-marzo\/","title":{"rendered":"March sky"},"content":{"rendered":"<p><strong>March Sky<\/strong><\/p>\n\n\n\n<p>We are going to open a new section on our blog: the sky of the month. Yes, I know we are a little late this month, but only a little. And we start with what is closest to us.<\/p>\n\n\n\n<p><strong>MOON<\/strong><\/p>\n\n\n\n<p>On March 10 we will have a new moon. And it is also a \u201c<em>Super-New-Moon<\/em>\u201d. Wow, a what...? Come on, let&#039;s go in parts. A new moon happens when the moon is there in front of us, but we don&#039;t see it. He is in front of us and the face he shows us is in darkness, it is his night. The funniest thing is that if we were there we would see a Full Earth. And Super is because it is closer to Earth since its orbit varies a little with respect to us. It will be the 3rd of 5 consecutive Super Moons. (Note: moonless night ideal for night observation, take note).<\/p>\n\n\n\n<p>We have to wait until the 25th to see it full but aaaahhhh! <strong>It comes with a surprise!<\/strong> And that night (if the weather does not prevent it) we will see the first eclipse of the year, a penumbral eclipse. And this is a very difficult fact to see because only 3 are produced per century. It happens when the full moon crosses the twilight zone of the Earth&#039;s shadow and I advise you not to miss this event. Although you will have to get up early (or not sleep) because it starts at 5:53 in the morning. And bundle up.<\/p>\n\n\n\n<p><strong>SUN<\/strong><\/p>\n\n\n\n<p>We continue in maximum solar activity. Sunspots, flares, ejections of matter into space... And thank goodness we are protected by the Earth&#039;s magnetism. Have you noticed problems with your phone or that the GPS goes a little crazy? Don&#039;t blame the device for this activity. The satellites that give us this coverage are in the middle of space and are not protected. But yes, we are in the best years to see the northern lights (and not so northern lights, as one has been photographed in C\u00e1ceres, November 2023). It is an ideal time if you have the possibility of accessing a telescope, preferably solar, to see the activity of our particular star.<\/p>\n\n\n\n<p><strong>PLANETS<\/strong>\u00a0\u00a0\u00a0\u00a0\u00a0\u00a0\u00a0\u00a0\u00a0\u00a0<\/p>\n\n\n\n<p>We continue with our beloved Jupiter and its moons accompanying us in the sky (we love it, it is very cute, with its 4 moons around it). That fat, shiny dot you see up there is not a star, it&#039;s a planet. The 13th will be aligned with the moon and the Pleiades.<\/p>\n\n\n\n<p>This month we lose Neptune and at the end we will have Mercury at nightfall. On these dates we will begin to see Mars and Saturn, at the end and shortly before dawn. Venus will be the Morning Star.<\/p>\n\n\n\n<p>We will also have a comet. On the 14th the comments C\/2021 S3 (PanSTARRS) will be at the closest point to Earth, with a magnitude of 7.1 that, if time permits, you will be able to see with binoculars or a small telescope.<\/p>\n\n\n\n<p>And finally, remember that, even though February was so hot and winter has returned in March, spring will officially enter on the 20th at 4:06 am.<\/p>\n\n\n\n<p>See you next month and, good heavens!<\/p>","protected":false},"excerpt":{"rendered":"<p>March Sky We&#039;re opening a new section on our blog: the sky of the month. Yes, I know we&#039;re a little late this month, but only a little. And we&#039;re starting with what&#039;s closest to us. MOON On March 10th, we&#039;ll have a new moon. And it&#039;s also a &quot;Super New Moon.&quot; Wow! A what...? [\u2026]<\/p>","protected":false},"author":1,"featured_media":810,"comment_status":"open","ping_status":"open","sticky":false,"template":"","format":"standard","meta":{"_citadela_custom_class":"","footnotes":""},"categories":[78,77],"tags":[75,79],"citadela-post-location":[],"class_list":["post-809","post","type-post","status-publish","format-standard","has-post-thumbnail","hentry","category-astronomia","category-cielo-del-mes","tag-astronomia","tag-cielo-del-mes"],"yoast_head":"<!-- This site is optimized with the Yoast SEO plugin v26.8 - https:\/\/yoast.com\/product\/yoast-seo-wordpress\/ -->\n<title>El cielo de Marzo - CosmoGuada<\/title>\n<meta name=\"description\" content=\"Q\u00fae eventos astron\u00f3micos veremos en el cielo de marzo. Luna, sol, planetas, cometas... Aprende m\u00e1s sobre el cielo de marzo en nuestro blog.\" \/>\n<meta name=\"robots\" content=\"index, follow, max-snippet:-1, max-image-preview:large, max-video-preview:-1\" \/>\n<link rel=\"canonical\" href=\"https:\/\/cosmoguada.es\/en\/2024\/03\/06\/el-cielo-de-marzo\/\" \/>\n<meta property=\"og:locale\" content=\"en_GB\" \/>\n<meta property=\"og:type\" content=\"article\" \/>\n<meta property=\"og:title\" content=\"El cielo de Marzo - CosmoGuada\" \/>\n<meta property=\"og:description\" content=\"Q\u00fae eventos astron\u00f3micos veremos en el cielo de marzo. Luna, sol, planetas, cometas... Aprende m\u00e1s sobre el cielo de marzo en nuestro blog.\" \/>\n<meta property=\"og:url\" content=\"https:\/\/cosmoguada.es\/en\/2024\/03\/06\/el-cielo-de-marzo\/\" \/>\n<meta property=\"og:site_name\" content=\"CosmoGuada\" \/>\n<meta property=\"article:publisher\" content=\"https:\/\/www.facebook.com\/CosmoGuada\/\" \/>\n<meta property=\"article:author\" content=\"https:\/\/www.facebook.com\/CosmoGuada\/\" \/>\n<meta property=\"article:published_time\" content=\"2024-03-05T23:05:17+00:00\" \/>\n<meta property=\"article:modified_time\" content=\"2024-03-05T23:05:18+00:00\" \/>\n<meta property=\"og:image\" content=\"https:\/\/cosmoguada.es\/wp-content\/uploads\/2024\/03\/eclipse-penumbral.jpg\" \/>\n\t<meta property=\"og:image:width\" content=\"1280\" \/>\n\t<meta property=\"og:image:height\" content=\"1920\" \/>\n\t<meta property=\"og:image:type\" content=\"image\/jpeg\" \/>\n<meta name=\"author\" content=\"cosmoguada\" \/>\n<meta name=\"twitter:card\" content=\"summary_large_image\" \/>\n<meta name=\"twitter:label1\" content=\"Written by\" \/>\n\t<meta name=\"twitter:data1\" content=\"cosmoguada\" \/>\n\t<meta name=\"twitter:label2\" content=\"Estimated reading time\" \/>\n\t<meta name=\"twitter:data2\" content=\"3 minutes\" \/>\n<script type=\"application\/ld+json\" class=\"yoast-schema-graph\">{\"@context\":\"https:\/\/schema.org\",\"@graph\":[{\"@type\":\"Article\",\"@id\":\"https:\/\/cosmoguada.es\/2024\/03\/06\/el-cielo-de-marzo\/#article\",\"isPartOf\":{\"@id\":\"https:\/\/cosmoguada.es\/2024\/03\/06\/el-cielo-de-marzo\/\"},\"author\":{\"name\":\"cosmoguada\",\"@id\":\"https:\/\/cosmoguada.es\/#\/schema\/person\/05b04f6e96f86dbf173fd805f9280d25\"},\"headline\":\"El cielo de Marzo\",\"datePublished\":\"2024-03-05T23:05:17+00:00\",\"dateModified\":\"2024-03-05T23:05:18+00:00\",\"mainEntityOfPage\":{\"@id\":\"https:\/\/cosmoguada.es\/2024\/03\/06\/el-cielo-de-marzo\/\"},\"wordCount\":541,\"commentCount\":0,\"publisher\":{\"@id\":\"https:\/\/cosmoguada.es\/#organization\"},\"image\":{\"@id\":\"https:\/\/cosmoguada.es\/2024\/03\/06\/el-cielo-de-marzo\/#primaryimage\"},\"thumbnailUrl\":\"https:\/\/cosmoguada.es\/wp-content\/uploads\/2024\/03\/eclipse-penumbral.jpg\",\"keywords\":[\"astronom\u00eda\",\"cielo del mes\"],\"articleSection\":[\"Astronom\u00eda\",\"Cielo del mes\"],\"inLanguage\":\"en-GB\",\"potentialAction\":[{\"@type\":\"CommentAction\",\"name\":\"Comment\",\"target\":[\"https:\/\/cosmoguada.es\/2024\/03\/06\/el-cielo-de-marzo\/#respond\"]}]},{\"@type\":\"WebPage\",\"@id\":\"https:\/\/cosmoguada.es\/2024\/03\/06\/el-cielo-de-marzo\/\",\"url\":\"https:\/\/cosmoguada.es\/2024\/03\/06\/el-cielo-de-marzo\/\",\"name\":\"El cielo de Marzo - CosmoGuada\",\"isPartOf\":{\"@id\":\"https:\/\/cosmoguada.es\/#website\"},\"primaryImageOfPage\":{\"@id\":\"https:\/\/cosmoguada.es\/2024\/03\/06\/el-cielo-de-marzo\/#primaryimage\"},\"image\":{\"@id\":\"https:\/\/cosmoguada.es\/2024\/03\/06\/el-cielo-de-marzo\/#primaryimage\"},\"thumbnailUrl\":\"https:\/\/cosmoguada.es\/wp-content\/uploads\/2024\/03\/eclipse-penumbral.jpg\",\"datePublished\":\"2024-03-05T23:05:17+00:00\",\"dateModified\":\"2024-03-05T23:05:18+00:00\",\"description\":\"Q\u00fae eventos astron\u00f3micos veremos en el cielo de marzo. Luna, sol, planetas, cometas... Aprende m\u00e1s sobre el cielo de marzo en nuestro blog.\",\"breadcrumb\":{\"@id\":\"https:\/\/cosmoguada.es\/2024\/03\/06\/el-cielo-de-marzo\/#breadcrumb\"},\"inLanguage\":\"en-GB\",\"potentialAction\":[{\"@type\":\"ReadAction\",\"target\":[\"https:\/\/cosmoguada.es\/2024\/03\/06\/el-cielo-de-marzo\/\"]}]},{\"@type\":\"ImageObject\",\"inLanguage\":\"en-GB\",\"@id\":\"https:\/\/cosmoguada.es\/2024\/03\/06\/el-cielo-de-marzo\/#primaryimage\",\"url\":\"https:\/\/cosmoguada.es\/wp-content\/uploads\/2024\/03\/eclipse-penumbral.jpg\",\"contentUrl\":\"https:\/\/cosmoguada.es\/wp-content\/uploads\/2024\/03\/eclipse-penumbral.jpg\",\"width\":1280,\"height\":1920,\"caption\":\"La zona de penumbra de nuestra sombra sobre la Luna\"},{\"@type\":\"BreadcrumbList\",\"@id\":\"https:\/\/cosmoguada.es\/2024\/03\/06\/el-cielo-de-marzo\/#breadcrumb\",\"itemListElement\":[{\"@type\":\"ListItem\",\"position\":1,\"name\":\"Portada\",\"item\":\"https:\/\/cosmoguada.es\/\"},{\"@type\":\"ListItem\",\"position\":2,\"name\":\"Cielo del mes\",\"item\":\"https:\/\/cosmoguada.es\/en\/category\/cielo-del-mes\/\"},{\"@type\":\"ListItem\",\"position\":3,\"name\":\"El cielo de Marzo\"}]},{\"@type\":\"WebSite\",\"@id\":\"https:\/\/cosmoguada.es\/#website\",\"url\":\"https:\/\/cosmoguada.es\/\",\"name\":\"CosmoGuada\",\"description\":\"Experiencias Astron\u00f3micas en Guadalajara\",\"publisher\":{\"@id\":\"https:\/\/cosmoguada.es\/#organization\"},\"potentialAction\":[{\"@type\":\"SearchAction\",\"target\":{\"@type\":\"EntryPoint\",\"urlTemplate\":\"https:\/\/cosmoguada.es\/?s={search_term_string}\"},\"query-input\":{\"@type\":\"PropertyValueSpecification\",\"valueRequired\":true,\"valueName\":\"search_term_string\"}}],\"inLanguage\":\"en-GB\"},{\"@type\":\"Organization\",\"@id\":\"https:\/\/cosmoguada.es\/#organization\",\"name\":\"CosmoGuada\",\"url\":\"https:\/\/cosmoguada.es\/\",\"logo\":{\"@type\":\"ImageObject\",\"inLanguage\":\"en-GB\",\"@id\":\"https:\/\/cosmoguada.es\/#\/schema\/logo\/image\/\",\"url\":\"https:\/\/cosmoguada.es\/wp-content\/uploads\/2023\/11\/logo-cosmoguada-120x120-1.png\",\"contentUrl\":\"https:\/\/cosmoguada.es\/wp-content\/uploads\/2023\/11\/logo-cosmoguada-120x120-1.png\",\"width\":120,\"height\":120,\"caption\":\"CosmoGuada\"},\"image\":{\"@id\":\"https:\/\/cosmoguada.es\/#\/schema\/logo\/image\/\"},\"sameAs\":[\"https:\/\/www.facebook.com\/CosmoGuada\/\",\"https:\/\/www.instagram.com\/cosmo.guada\/\"]},{\"@type\":\"Person\",\"@id\":\"https:\/\/cosmoguada.es\/#\/schema\/person\/05b04f6e96f86dbf173fd805f9280d25\",\"name\":\"cosmoguada\",\"image\":{\"@type\":\"ImageObject\",\"inLanguage\":\"en-GB\",\"@id\":\"https:\/\/cosmoguada.es\/#\/schema\/person\/image\/\",\"url\":\"https:\/\/secure.gravatar.com\/avatar\/98d7995df4bfffb4e17325fdd354f2cdf36450ed48776190c869e438f94d724b?s=96&d=mm&r=g\",\"contentUrl\":\"https:\/\/secure.gravatar.com\/avatar\/98d7995df4bfffb4e17325fdd354f2cdf36450ed48776190c869e438f94d724b?s=96&d=mm&r=g\",\"caption\":\"cosmoguada\"},\"description\":\"Deja que me presente. Mi nombre es Lola Silva, (ex)urbanita convencida (vaya, parece que no tan convencida). Llegu\u00e9 a Saelices de la Sal en 2012 y con el paso de los a\u00f1os descubr\u00ed algo nuevo sobre m\u00ed: SOY RURAL. Fue duro adaptarme a esta nueva vida que hoy me trae tanta felicidad. Cada d\u00eda descubro (nuevamente) las maravillas que me rodean: la floraci\u00f3n de las jaras, la nueva cosecha de sal, las migraciones de las aves, los car\u00e1mbanos colgando de los tejados... He elegido vivir y trabajar aqu\u00ed, me he formado (y sigo en ello, formaci\u00f3n continua...) y ahora quiero ense\u00f1arte a ti, que tambi\u00e9n vives en una ciudad, a descubrir la magia que se encierra en el cielo estrellado, en la resina del pino, en la flor de sal, en las aves que nos rodean, en la flora que se abre paso por cada rinc\u00f3n. Te invito a acompa\u00f1arme en un viaje lleno de conocimiento y curiosidades, de una visi\u00f3n diferente del mundo. \u00a1Ven a Saelices de la Sal!\",\"sameAs\":[\"http:\/\/cosmoguada.es\",\"https:\/\/www.facebook.com\/CosmoGuada\/\",\"https:\/\/www.instagram.com\/cosmo.guada\/\"],\"url\":\"https:\/\/cosmoguada.es\/en\/author\/cosmoguada\/\"}]}<\/script>\n<!-- \/ Yoast SEO plugin. -->","yoast_head_json":{"title":"El cielo de Marzo - CosmoGuada","description":"Q\u00fae eventos astron\u00f3micos veremos en el cielo de marzo. Luna, sol, planetas, cometas... Aprende m\u00e1s sobre el cielo de marzo en nuestro blog.","robots":{"index":"index","follow":"follow","max-snippet":"max-snippet:-1","max-image-preview":"max-image-preview:large","max-video-preview":"max-video-preview:-1"},"canonical":"https:\/\/cosmoguada.es\/en\/2024\/03\/06\/el-cielo-de-marzo\/","og_locale":"en_GB","og_type":"article","og_title":"El cielo de Marzo - CosmoGuada","og_description":"Q\u00fae eventos astron\u00f3micos veremos en el cielo de marzo. Luna, sol, planetas, cometas... Aprende m\u00e1s sobre el cielo de marzo en nuestro blog.","og_url":"https:\/\/cosmoguada.es\/en\/2024\/03\/06\/el-cielo-de-marzo\/","og_site_name":"CosmoGuada","article_publisher":"https:\/\/www.facebook.com\/CosmoGuada\/","article_author":"https:\/\/www.facebook.com\/CosmoGuada\/","article_published_time":"2024-03-05T23:05:17+00:00","article_modified_time":"2024-03-05T23:05:18+00:00","og_image":[{"width":1280,"height":1920,"url":"https:\/\/cosmoguada.es\/wp-content\/uploads\/2024\/03\/eclipse-penumbral.jpg","type":"image\/jpeg"}],"author":"cosmoguada","twitter_card":"summary_large_image","twitter_misc":{"Written by":"cosmoguada","Estimated reading time":"3 minutes"},"schema":{"@context":"https:\/\/schema.org","@graph":[{"@type":"Article","@id":"https:\/\/cosmoguada.es\/2024\/03\/06\/el-cielo-de-marzo\/#article","isPartOf":{"@id":"https:\/\/cosmoguada.es\/2024\/03\/06\/el-cielo-de-marzo\/"},"author":{"name":"cosmoguada","@id":"https:\/\/cosmoguada.es\/#\/schema\/person\/05b04f6e96f86dbf173fd805f9280d25"},"headline":"El cielo de Marzo","datePublished":"2024-03-05T23:05:17+00:00","dateModified":"2024-03-05T23:05:18+00:00","mainEntityOfPage":{"@id":"https:\/\/cosmoguada.es\/2024\/03\/06\/el-cielo-de-marzo\/"},"wordCount":541,"commentCount":0,"publisher":{"@id":"https:\/\/cosmoguada.es\/#organization"},"image":{"@id":"https:\/\/cosmoguada.es\/2024\/03\/06\/el-cielo-de-marzo\/#primaryimage"},"thumbnailUrl":"https:\/\/cosmoguada.es\/wp-content\/uploads\/2024\/03\/eclipse-penumbral.jpg","keywords":["astronom\u00eda","cielo del mes"],"articleSection":["Astronom\u00eda","Cielo del mes"],"inLanguage":"en-GB","potentialAction":[{"@type":"CommentAction","name":"Comment","target":["https:\/\/cosmoguada.es\/2024\/03\/06\/el-cielo-de-marzo\/#respond"]}]},{"@type":"WebPage","@id":"https:\/\/cosmoguada.es\/2024\/03\/06\/el-cielo-de-marzo\/","url":"https:\/\/cosmoguada.es\/2024\/03\/06\/el-cielo-de-marzo\/","name":"El cielo de Marzo - CosmoGuada","isPartOf":{"@id":"https:\/\/cosmoguada.es\/#website"},"primaryImageOfPage":{"@id":"https:\/\/cosmoguada.es\/2024\/03\/06\/el-cielo-de-marzo\/#primaryimage"},"image":{"@id":"https:\/\/cosmoguada.es\/2024\/03\/06\/el-cielo-de-marzo\/#primaryimage"},"thumbnailUrl":"https:\/\/cosmoguada.es\/wp-content\/uploads\/2024\/03\/eclipse-penumbral.jpg","datePublished":"2024-03-05T23:05:17+00:00","dateModified":"2024-03-05T23:05:18+00:00","description":"Q\u00fae eventos astron\u00f3micos veremos en el cielo de marzo. Luna, sol, planetas, cometas... Aprende m\u00e1s sobre el cielo de marzo en nuestro blog.","breadcrumb":{"@id":"https:\/\/cosmoguada.es\/2024\/03\/06\/el-cielo-de-marzo\/#breadcrumb"},"inLanguage":"en-GB","potentialAction":[{"@type":"ReadAction","target":["https:\/\/cosmoguada.es\/2024\/03\/06\/el-cielo-de-marzo\/"]}]},{"@type":"ImageObject","inLanguage":"en-GB","@id":"https:\/\/cosmoguada.es\/2024\/03\/06\/el-cielo-de-marzo\/#primaryimage","url":"https:\/\/cosmoguada.es\/wp-content\/uploads\/2024\/03\/eclipse-penumbral.jpg","contentUrl":"https:\/\/cosmoguada.es\/wp-content\/uploads\/2024\/03\/eclipse-penumbral.jpg","width":1280,"height":1920,"caption":"La zona de penumbra de nuestra sombra sobre la Luna"},{"@type":"BreadcrumbList","@id":"https:\/\/cosmoguada.es\/2024\/03\/06\/el-cielo-de-marzo\/#breadcrumb","itemListElement":[{"@type":"ListItem","position":1,"name":"Portada","item":"https:\/\/cosmoguada.es\/"},{"@type":"ListItem","position":2,"name":"Cielo del mes","item":"https:\/\/cosmoguada.es\/en\/category\/cielo-del-mes\/"},{"@type":"ListItem","position":3,"name":"El cielo de Marzo"}]},{"@type":"WebSite","@id":"https:\/\/cosmoguada.es\/#website","url":"https:\/\/cosmoguada.es\/","name":"CosmoGuada","description":"Astronomical Experiences in Guadalajara","publisher":{"@id":"https:\/\/cosmoguada.es\/#organization"},"potentialAction":[{"@type":"SearchAction","target":{"@type":"EntryPoint","urlTemplate":"https:\/\/cosmoguada.es\/?s={search_term_string}"},"query-input":{"@type":"PropertyValueSpecification","valueRequired":true,"valueName":"search_term_string"}}],"inLanguage":"en-GB"},{"@type":"Organization","@id":"https:\/\/cosmoguada.es\/#organization","name":"CosmoGuada","url":"https:\/\/cosmoguada.es\/","logo":{"@type":"ImageObject","inLanguage":"en-GB","@id":"https:\/\/cosmoguada.es\/#\/schema\/logo\/image\/","url":"https:\/\/cosmoguada.es\/wp-content\/uploads\/2023\/11\/logo-cosmoguada-120x120-1.png","contentUrl":"https:\/\/cosmoguada.es\/wp-content\/uploads\/2023\/11\/logo-cosmoguada-120x120-1.png","width":120,"height":120,"caption":"CosmoGuada"},"image":{"@id":"https:\/\/cosmoguada.es\/#\/schema\/logo\/image\/"},"sameAs":["https:\/\/www.facebook.com\/CosmoGuada\/","https:\/\/www.instagram.com\/cosmo.guada\/"]},{"@type":"Person","@id":"https:\/\/cosmoguada.es\/#\/schema\/person\/05b04f6e96f86dbf173fd805f9280d25","name":"cosmoguada","image":{"@type":"ImageObject","inLanguage":"en-GB","@id":"https:\/\/cosmoguada.es\/#\/schema\/person\/image\/","url":"https:\/\/secure.gravatar.com\/avatar\/98d7995df4bfffb4e17325fdd354f2cdf36450ed48776190c869e438f94d724b?s=96&d=mm&r=g","contentUrl":"https:\/\/secure.gravatar.com\/avatar\/98d7995df4bfffb4e17325fdd354f2cdf36450ed48776190c869e438f94d724b?s=96&d=mm&r=g","caption":"cosmoguada"},"description":"Deja que me presente. Mi nombre es Lola Silva, (ex)urbanita convencida (vaya, parece que no tan convencida). Llegu\u00e9 a Saelices de la Sal en 2012 y con el paso de los a\u00f1os descubr\u00ed algo nuevo sobre m\u00ed: SOY RURAL. Fue duro adaptarme a esta nueva vida que hoy me trae tanta felicidad. Cada d\u00eda descubro (nuevamente) las maravillas que me rodean: la floraci\u00f3n de las jaras, la nueva cosecha de sal, las migraciones de las aves, los car\u00e1mbanos colgando de los tejados... He elegido vivir y trabajar aqu\u00ed, me he formado (y sigo en ello, formaci\u00f3n continua...) y ahora quiero ense\u00f1arte a ti, que tambi\u00e9n vives en una ciudad, a descubrir la magia que se encierra en el cielo estrellado, en la resina del pino, en la flor de sal, en las aves que nos rodean, en la flora que se abre paso por cada rinc\u00f3n. Te invito a acompa\u00f1arme en un viaje lleno de conocimiento y curiosidades, de una visi\u00f3n diferente del mundo. \u00a1Ven a Saelices de la Sal!","sameAs":["http:\/\/cosmoguada.es","https:\/\/www.facebook.com\/CosmoGuada\/","https:\/\/www.instagram.com\/cosmo.guada\/"],"url":"https:\/\/cosmoguada.es\/en\/author\/cosmoguada\/"}]}},"_links":{"self":[{"href":"https:\/\/cosmoguada.es\/en\/wp-json\/wp\/v2\/posts\/809","targetHints":{"allow":["GET"]}}],"collection":[{"href":"https:\/\/cosmoguada.es\/en\/wp-json\/wp\/v2\/posts"}],"about":[{"href":"https:\/\/cosmoguada.es\/en\/wp-json\/wp\/v2\/types\/post"}],"author":[{"embeddable":true,"href":"https:\/\/cosmoguada.es\/en\/wp-json\/wp\/v2\/users\/1"}],"replies":[{"embeddable":true,"href":"https:\/\/cosmoguada.es\/en\/wp-json\/wp\/v2\/comments?post=809"}],"version-history":[{"count":1,"href":"https:\/\/cosmoguada.es\/en\/wp-json\/wp\/v2\/posts\/809\/revisions"}],"predecessor-version":[{"id":811,"href":"https:\/\/cosmoguada.es\/en\/wp-json\/wp\/v2\/posts\/809\/revisions\/811"}],"wp:featuredmedia":[{"embeddable":true,"href":"https:\/\/cosmoguada.es\/en\/wp-json\/wp\/v2\/media\/810"}],"wp:attachment":[{"href":"https:\/\/cosmoguada.es\/en\/wp-json\/wp\/v2\/media?parent=809"}],"wp:term":[{"taxonomy":"category","embeddable":true,"href":"https:\/\/cosmoguada.es\/en\/wp-json\/wp\/v2\/categories?post=809"},{"taxonomy":"post_tag","embeddable":true,"href":"https:\/\/cosmoguada.es\/en\/wp-json\/wp\/v2\/tags?post=809"},{"taxonomy":"citadela-post-location","embeddable":true,"href":"https:\/\/cosmoguada.es\/en\/wp-json\/wp\/v2\/citadela-post-location?post=809"}],"curies":[{"name":"wp","href":"https:\/\/api.w.org\/{rel}","templated":true}]}}