{"id":2501,"date":"2025-09-29T20:58:59","date_gmt":"2025-09-29T18:58:59","guid":{"rendered":"https:\/\/cosmoguada.es\/?p=2501"},"modified":"2025-09-30T09:38:24","modified_gmt":"2025-09-30T07:38:24","slug":"noche-internacional-de-la-luna","status":"publish","type":"post","link":"https:\/\/cosmoguada.es\/en\/2025\/09\/29\/noche-internacional-de-la-luna\/","title":{"rendered":"International Night of the Moon"},"content":{"rendered":"<h2 class=\"wp-block-heading\">An opportunity to look at the sky with different eyes<\/h2>\n\n\n\n<p>Every year, when autumn arrives, the sky gives us a special date: the <strong>International Moon Observation Night<\/strong>This holiday is a time to pause, raise our gaze, and connect with our satellite, appreciate its beauty and learn about its history. And at CosmoGuada, we couldn&#039;t let this occasion pass without preparing something unique for you.<\/p>\n\n\n\n<p>This year we celebrate tonight the <strong>Saturday, October 4, 2026<\/strong> with a special activity in <strong>Saelices de la Sal (Guadalajara)<\/strong>It will be much more than just looking at the Moon: it will be an up-close encounter with the cosmos, with telescopes, stories, pure excitement, and learning.<\/p>\n\n\n\n<p>But before I tell you the details of our activity, let me explain why this night is so beautiful for observing the Moon, why astrotourism and stargazing are more alive than ever, and why our proposal deserves your reservation now.<\/p>\n\n\n\n<hr class=\"wp-block-separator has-alpha-channel-opacity\"\/>\n\n\n\n<h2 class=\"wp-block-heading\">Why is the Moon worth a night of observation?<\/h2>\n\n\n\n<p>The <strong>Moon<\/strong> accompanies us every night, although sometimes it also shows up in broad daylight. It has been the <strong>oldest calendar of humanity<\/strong>, marking the rhythms of agriculture, festivals, and the life cycles of many cultures. And although it is always the same, its appearance changes depending on the phase it is in: its light <strong>guides the tides<\/strong> and transforms the night landscape. <\/p>\n\n\n\n<p>Although we sometimes view it with indifference, its surface hides secrets: craters, lunar seas, deep shadows, and plateaus that are revealed in grazing light, especially in intermediate phases, such as the first quarter.<\/p>\n\n\n\n<p>The <strong>International Moon Observation Night<\/strong> invites everyone (amateurs, experts, families, the curious, and lovers) to observe our celestial companion with telescopes, specialized guides, informative talks, and activities accessible to all.<\/p>\n\n\n\n<p>This day not only serves to contemplate the Moon, but also to bring astronomy closer to the public, spark interest in the sky, and encourage citizen science.<\/p>\n\n\n\n<hr class=\"wp-block-separator has-alpha-channel-opacity\"\/>\n\n\n\n<h2 class=\"wp-block-heading\">Astrotourism, star tourism: a trend with a future<\/h2>\n\n\n\n<p>Before it was called \u201crural tourism\u201d, \u201cecotourism\u201d\u2026 now strong concepts are added such as <strong>star tourism<\/strong>, <strong>astronomical tourism<\/strong> either <strong>astrotourism<\/strong>They all revolve around the same axis: the night sky as a tourist, cultural, and educational resource.<\/p>\n\n\n\n<ul class=\"wp-block-list\">\n<li>Astrotourism is a sustainable activity that combines skywatching, scientific outreach, and astronomy-related leisure activities.<\/li>\n\n\n\n<li>In Spain, Starlight destinations, certifications to protect dark skies and promote star tourism, are gaining increasing prominence.<\/li>\n\n\n\n<li>Recent studies indicate that there is a risk of <strong>massification<\/strong> if the capacity limits at astronomical destinations are not properly regulated.<\/li>\n<\/ul>\n\n\n\n<p>That&#039;s why at CosmoGuada we work responsibly: we care for the environment, we monitor the spaces, and we design activities that leave a mark but don&#039;t have a negative impact.<\/p>\n\n\n\n<hr class=\"wp-block-separator has-alpha-channel-opacity\"\/>\n\n\n\n<h2 class=\"wp-block-heading\">Who is this Moon Night for: families, couples, friends and sky lovers<\/h2>\n\n\n\n<p>Our proposal is designed for different audiences:<\/p>\n\n\n\n<ul class=\"wp-block-list\">\n<li><strong>Family<\/strong> who want to learn: parents, children, grandparents... together they can enjoy the Moon, stars and planets, learn with simplicity, ask questions, be amazed.<\/li>\n\n\n\n<li><strong>Couples and groups of friends<\/strong>: people looking for a quiet, original and very special activity.<\/li>\n\n\n\n<li><strong>Nature and astrotourism lovers<\/strong>Those who already know something about the sky and are looking for experiences with powerful telescopes, expert guidance, and dark settings that enhance visibility. All of this in the heart of nature with the sounds of the night in the background.<\/li>\n<\/ul>\n\n\n\n<p>In addition, our activities are complemented by stories, myths about the sky, and even stargazing, so that everyone leaves with a complete experience, always tailored to the audience and their age.<\/p>\n\n\n\n<hr class=\"wp-block-separator has-alpha-channel-opacity\"\/>\n\n\n<div class=\"wp-block-image\">\n<figure class=\"aligncenter size-large is-resized\"><img loading=\"lazy\" decoding=\"async\" width=\"819\" height=\"1024\" src=\"https:\/\/cosmoguada.es\/wp-content\/uploads\/2025\/09\/Obs-Luna-Noche-Internacional-Post-de-Instagram-45-819x1024.jpg\" alt=\"\" class=\"wp-image-2502\" style=\"width:291px;height:auto\" srcset=\"https:\/\/cosmoguada.es\/wp-content\/uploads\/2025\/09\/Obs-Luna-Noche-Internacional-Post-de-Instagram-45-819x1024.jpg 819w, https:\/\/cosmoguada.es\/wp-content\/uploads\/2025\/09\/Obs-Luna-Noche-Internacional-Post-de-Instagram-45-240x300.jpg 240w, https:\/\/cosmoguada.es\/wp-content\/uploads\/2025\/09\/Obs-Luna-Noche-Internacional-Post-de-Instagram-45-768x960.jpg 768w, https:\/\/cosmoguada.es\/wp-content\/uploads\/2025\/09\/Obs-Luna-Noche-Internacional-Post-de-Instagram-45-10x12.jpg 10w, https:\/\/cosmoguada.es\/wp-content\/uploads\/2025\/09\/Obs-Luna-Noche-Internacional-Post-de-Instagram-45.jpg 1080w\" sizes=\"auto, (max-width: 819px) 100vw, 819px\" \/><\/figure><\/div>\n\n\n<h2 class=\"wp-block-heading\">\ud83c\udf1f Our proposal: lunar observation in Saelices de la Sal, October 4<\/h2>\n\n\n\n<p>Here&#039;s what you&#039;ll experience if you join:<\/p>\n\n\n\n<ul class=\"wp-block-list\">\n<li><strong>Introductory talk<\/strong> about the Moon, its relief, phases and curiosities.<\/li>\n\n\n\n<li><strong>Observation with telescopes<\/strong>: craters, seas, shadows, and seeing other celestial objects (planets, stars).<\/li>\n\n\n\n<li>Narration of <strong>lunar myths and legends<\/strong>, stories to imagine the sky from other cultures.<\/li>\n\n\n\n<li>Identification of <strong>constellations<\/strong>, stargazing and star walk.<\/li>\n\n\n\n<li>A tranquil atmosphere, expert guidance, and a chance to question, wonder, and contemplate.<\/li>\n<\/ul>\n\n\n\n<p><strong>Important data<\/strong>:<\/p>\n\n\n\n<ul class=\"wp-block-list\">\n<li>Start: 9:00 p.m.<\/li>\n\n\n\n<li>Estimated duration: 2.5 \u2013 3 hours<\/li>\n\n\n\n<li>Location: Saelices de la Sal, in the province of Guadalajara<\/li>\n\n\n\n<li>Price: \u20ac25 adults \/ \u20ac15 children (under 14 years old)<\/li>\n\n\n\n<li><strong>Limited places<\/strong> \u2014 I recommend you book as soon as possible.<\/li>\n<\/ul>\n\n\n\n<p>To book or see more details, visit our <a href=\"https:\/\/cosmoguada.es\/en\/tienda-online\/\"><strong>online store<\/strong><\/a> <\/p>\n\n\n\n<div class=\"wp-block-group alignfull has-text-color has-background\" style=\"color:#000000;background-color:#ffffff\"><div class=\"wp-block-group__inner-container is-layout-flow wp-block-group-is-layout-flow\">\n<div style=\"height:64px\" aria-hidden=\"true\" class=\"wp-block-spacer\"><\/div>\n\n\n\n<p class=\"has-text-align-center has-small-font-size\" style=\"line-height:.9\">Limited Places<\/p>\n\n\n\n<h2 class=\"wp-block-heading has-text-align-center\" id=\"schedule-a-visit\" style=\"font-size:59px;line-height:1.15\"><strong>Book your ticket<\/strong><\/h2>\n\n\n\n<div class=\"wp-block-buttons is-horizontal is-content-justification-center is-layout-flex wp-container-core-buttons-is-layout-499968f5 wp-block-buttons-is-layout-flex\">\n<div class=\"wp-block-button has-custom-width wp-block-button__width-50\"><a class=\"wp-block-button__link has-text-color has-background wp-element-button\" href=\"http:\/\/cosmoguada.es\/en\/tienda-online\/\" style=\"border-radius:50px;color:#ffffff;background-color:#000000\">Booking<\/a><\/div>\n<\/div>\n\n\n\n<div style=\"height:64px\" aria-hidden=\"true\" class=\"wp-block-spacer\"><\/div>\n<\/div><\/div>\n\n\n\n<hr class=\"wp-block-separator has-alpha-channel-opacity\"\/>\n\n\n\n<h2 class=\"wp-block-heading\">\u270d\ufe0f Tips for those who dare<\/h2>\n\n\n\n<ul class=\"wp-block-list\">\n<li>Come with warm clothing: nights can get cool.<\/li>\n\n\n\n<li>Bring a flashlight with a red light (so as not to ruin the darkness)<\/li>\n\n\n\n<li>If you can, arrive a little early to acclimatize to the environment.<\/li>\n\n\n\n<li>Go with curiosity and an open mind: you don&#039;t need to know anything about astronomy, we&#039;ll be with you.<\/li>\n<\/ul>\n\n\n\n<hr class=\"wp-block-separator has-alpha-channel-opacity\"\/>\n\n\n\n<h2 class=\"wp-block-heading\">\ud83d\ude80 If you&#039;re wondering why to join: because under the Moon everything is bigger<\/h2>\n\n\n\n<p>It&#039;s not just about looking at a bright disk in the sky. It&#039;s about understanding it, feeling the universe speak to us with light, shadows, and craters. It&#039;s about sharing moments with family or friends, looking up and remembering how small and how connected everything is. That&#039;s the magic of astrotourism, that&#039;s CosmoGuada&#039;s mission.<\/p>\n\n\n\n<p>We invite you to reserve your place for the <strong>International Night of the Moon, <\/strong>and accompany us to look at the sky, learn, get excited, dream.<\/p>\n\n\n\n<p>See you among stars and moon.<\/p>","protected":false},"excerpt":{"rendered":"<p>Una oportunidad para mirar el cielo con otros ojos Cada a\u00f1o, cuando llega el oto\u00f1o, el cielo nos regala una cita especial: la Noche Internacional de Observaci\u00f3n de la Luna. Esta fecha es un momento para detenernos, levantar la mirada y conectar con nuestro sat\u00e9lite, apreciar su belleza y conocer su historia. Y en CosmoGuada [&hellip;]<\/p>","protected":false},"author":1,"featured_media":668,"comment_status":"open","ping_status":"open","sticky":false,"template":"","format":"standard","meta":{"_citadela_custom_class":"","footnotes":""},"categories":[53],"tags":[],"citadela-post-location":[],"class_list":["post-2501","post","type-post","status-publish","format-standard","has-post-thumbnail","hentry","category-sin-categoria-es"],"yoast_head":"<!-- This site is optimized with the Yoast SEO plugin v26.8 - https:\/\/yoast.com\/product\/yoast-seo-wordpress\/ -->\n<title>Noche Internacional de la Luna - CosmoGuada<\/title>\n<meta name=\"description\" content=\"Celebra la Noche Internacional de la Luna en Saelices de la Sal. Observa el cielo, descubre cr\u00e1teres y vive una experiencia astron\u00f3mica \u00fanica\" \/>\n<meta name=\"robots\" content=\"index, follow, max-snippet:-1, max-image-preview:large, max-video-preview:-1\" \/>\n<link rel=\"canonical\" href=\"https:\/\/cosmoguada.es\/en\/2025\/09\/29\/noche-internacional-de-la-luna\/\" \/>\n<meta property=\"og:locale\" content=\"en_GB\" \/>\n<meta property=\"og:type\" content=\"article\" \/>\n<meta property=\"og:title\" content=\"Noche Internacional de la Luna - CosmoGuada\" \/>\n<meta property=\"og:description\" content=\"Celebra la Noche Internacional de la Luna en Saelices de la Sal. Observa el cielo, descubre cr\u00e1teres y vive una experiencia astron\u00f3mica \u00fanica\" \/>\n<meta property=\"og:url\" content=\"https:\/\/cosmoguada.es\/en\/2025\/09\/29\/noche-internacional-de-la-luna\/\" \/>\n<meta property=\"og:site_name\" content=\"CosmoGuada\" \/>\n<meta property=\"article:publisher\" content=\"https:\/\/www.facebook.com\/CosmoGuada\/\" \/>\n<meta property=\"article:author\" content=\"https:\/\/www.facebook.com\/CosmoGuada\/\" \/>\n<meta property=\"article:published_time\" content=\"2025-09-29T18:58:59+00:00\" \/>\n<meta property=\"article:modified_time\" content=\"2025-09-30T07:38:24+00:00\" \/>\n<meta property=\"og:image\" content=\"https:\/\/cosmoguada.es\/wp-content\/uploads\/2024\/01\/closeup-foto-eclipse-lunar-aislado-negro-scaled-e1713559190475.jpg\" \/>\n\t<meta property=\"og:image:width\" content=\"600\" \/>\n\t<meta property=\"og:image:height\" content=\"480\" \/>\n\t<meta property=\"og:image:type\" content=\"image\/jpeg\" \/>\n<meta name=\"author\" content=\"cosmoguada\" \/>\n<meta name=\"twitter:card\" content=\"summary_large_image\" \/>\n<meta name=\"twitter:label1\" content=\"Written by\" \/>\n\t<meta name=\"twitter:data1\" content=\"cosmoguada\" \/>\n\t<meta name=\"twitter:label2\" content=\"Estimated reading time\" \/>\n\t<meta name=\"twitter:data2\" content=\"5 minutes\" \/>\n<script type=\"application\/ld+json\" class=\"yoast-schema-graph\">{\"@context\":\"https:\/\/schema.org\",\"@graph\":[{\"@type\":\"Article\",\"@id\":\"https:\/\/cosmoguada.es\/2025\/09\/29\/noche-internacional-de-la-luna\/#article\",\"isPartOf\":{\"@id\":\"https:\/\/cosmoguada.es\/2025\/09\/29\/noche-internacional-de-la-luna\/\"},\"author\":{\"name\":\"cosmoguada\",\"@id\":\"https:\/\/cosmoguada.es\/#\/schema\/person\/05b04f6e96f86dbf173fd805f9280d25\"},\"headline\":\"Noche Internacional de la Luna\",\"datePublished\":\"2025-09-29T18:58:59+00:00\",\"dateModified\":\"2025-09-30T07:38:24+00:00\",\"mainEntityOfPage\":{\"@id\":\"https:\/\/cosmoguada.es\/2025\/09\/29\/noche-internacional-de-la-luna\/\"},\"wordCount\":930,\"commentCount\":0,\"publisher\":{\"@id\":\"https:\/\/cosmoguada.es\/#organization\"},\"image\":{\"@id\":\"https:\/\/cosmoguada.es\/2025\/09\/29\/noche-internacional-de-la-luna\/#primaryimage\"},\"thumbnailUrl\":\"https:\/\/cosmoguada.es\/wp-content\/uploads\/2024\/01\/closeup-foto-eclipse-lunar-aislado-negro-scaled-e1713559190475.jpg\",\"articleSection\":[\"Sin categor\u00eda\"],\"inLanguage\":\"en-GB\",\"potentialAction\":[{\"@type\":\"CommentAction\",\"name\":\"Comment\",\"target\":[\"https:\/\/cosmoguada.es\/2025\/09\/29\/noche-internacional-de-la-luna\/#respond\"]}]},{\"@type\":\"WebPage\",\"@id\":\"https:\/\/cosmoguada.es\/2025\/09\/29\/noche-internacional-de-la-luna\/\",\"url\":\"https:\/\/cosmoguada.es\/2025\/09\/29\/noche-internacional-de-la-luna\/\",\"name\":\"Noche Internacional de la Luna - CosmoGuada\",\"isPartOf\":{\"@id\":\"https:\/\/cosmoguada.es\/#website\"},\"primaryImageOfPage\":{\"@id\":\"https:\/\/cosmoguada.es\/2025\/09\/29\/noche-internacional-de-la-luna\/#primaryimage\"},\"image\":{\"@id\":\"https:\/\/cosmoguada.es\/2025\/09\/29\/noche-internacional-de-la-luna\/#primaryimage\"},\"thumbnailUrl\":\"https:\/\/cosmoguada.es\/wp-content\/uploads\/2024\/01\/closeup-foto-eclipse-lunar-aislado-negro-scaled-e1713559190475.jpg\",\"datePublished\":\"2025-09-29T18:58:59+00:00\",\"dateModified\":\"2025-09-30T07:38:24+00:00\",\"description\":\"Celebra la Noche Internacional de la Luna en Saelices de la Sal. Observa el cielo, descubre cr\u00e1teres y vive una experiencia astron\u00f3mica \u00fanica\",\"breadcrumb\":{\"@id\":\"https:\/\/cosmoguada.es\/2025\/09\/29\/noche-internacional-de-la-luna\/#breadcrumb\"},\"inLanguage\":\"en-GB\",\"potentialAction\":[{\"@type\":\"ReadAction\",\"target\":[\"https:\/\/cosmoguada.es\/2025\/09\/29\/noche-internacional-de-la-luna\/\"]}]},{\"@type\":\"ImageObject\",\"inLanguage\":\"en-GB\",\"@id\":\"https:\/\/cosmoguada.es\/2025\/09\/29\/noche-internacional-de-la-luna\/#primaryimage\",\"url\":\"https:\/\/cosmoguada.es\/wp-content\/uploads\/2024\/01\/closeup-foto-eclipse-lunar-aislado-negro-scaled-e1713559190475.jpg\",\"contentUrl\":\"https:\/\/cosmoguada.es\/wp-content\/uploads\/2024\/01\/closeup-foto-eclipse-lunar-aislado-negro-scaled-e1713559190475.jpg\",\"width\":600,\"height\":480,\"caption\":\"A closeup shot of a lunar eclipse isolated on a black background\"},{\"@type\":\"BreadcrumbList\",\"@id\":\"https:\/\/cosmoguada.es\/2025\/09\/29\/noche-internacional-de-la-luna\/#breadcrumb\",\"itemListElement\":[{\"@type\":\"ListItem\",\"position\":1,\"name\":\"Portada\",\"item\":\"https:\/\/cosmoguada.es\/\"},{\"@type\":\"ListItem\",\"position\":2,\"name\":\"Sin categor\u00eda\",\"item\":\"https:\/\/cosmoguada.es\/en\/category\/sin-categoria-es\/\"},{\"@type\":\"ListItem\",\"position\":3,\"name\":\"Noche Internacional de la Luna\"}]},{\"@type\":\"WebSite\",\"@id\":\"https:\/\/cosmoguada.es\/#website\",\"url\":\"https:\/\/cosmoguada.es\/\",\"name\":\"CosmoGuada\",\"description\":\"Experiencias Astron\u00f3micas en Guadalajara\",\"publisher\":{\"@id\":\"https:\/\/cosmoguada.es\/#organization\"},\"potentialAction\":[{\"@type\":\"SearchAction\",\"target\":{\"@type\":\"EntryPoint\",\"urlTemplate\":\"https:\/\/cosmoguada.es\/?s={search_term_string}\"},\"query-input\":{\"@type\":\"PropertyValueSpecification\",\"valueRequired\":true,\"valueName\":\"search_term_string\"}}],\"inLanguage\":\"en-GB\"},{\"@type\":\"Organization\",\"@id\":\"https:\/\/cosmoguada.es\/#organization\",\"name\":\"CosmoGuada\",\"url\":\"https:\/\/cosmoguada.es\/\",\"logo\":{\"@type\":\"ImageObject\",\"inLanguage\":\"en-GB\",\"@id\":\"https:\/\/cosmoguada.es\/#\/schema\/logo\/image\/\",\"url\":\"https:\/\/cosmoguada.es\/wp-content\/uploads\/2023\/11\/logo-cosmoguada-120x120-1.png\",\"contentUrl\":\"https:\/\/cosmoguada.es\/wp-content\/uploads\/2023\/11\/logo-cosmoguada-120x120-1.png\",\"width\":120,\"height\":120,\"caption\":\"CosmoGuada\"},\"image\":{\"@id\":\"https:\/\/cosmoguada.es\/#\/schema\/logo\/image\/\"},\"sameAs\":[\"https:\/\/www.facebook.com\/CosmoGuada\/\",\"https:\/\/www.instagram.com\/cosmo.guada\/\"]},{\"@type\":\"Person\",\"@id\":\"https:\/\/cosmoguada.es\/#\/schema\/person\/05b04f6e96f86dbf173fd805f9280d25\",\"name\":\"cosmoguada\",\"image\":{\"@type\":\"ImageObject\",\"inLanguage\":\"en-GB\",\"@id\":\"https:\/\/cosmoguada.es\/#\/schema\/person\/image\/\",\"url\":\"https:\/\/secure.gravatar.com\/avatar\/98d7995df4bfffb4e17325fdd354f2cdf36450ed48776190c869e438f94d724b?s=96&d=mm&r=g\",\"contentUrl\":\"https:\/\/secure.gravatar.com\/avatar\/98d7995df4bfffb4e17325fdd354f2cdf36450ed48776190c869e438f94d724b?s=96&d=mm&r=g\",\"caption\":\"cosmoguada\"},\"description\":\"Deja que me presente. Mi nombre es Lola Silva, (ex)urbanita convencida (vaya, parece que no tan convencida). Llegu\u00e9 a Saelices de la Sal en 2012 y con el paso de los a\u00f1os descubr\u00ed algo nuevo sobre m\u00ed: SOY RURAL. Fue duro adaptarme a esta nueva vida que hoy me trae tanta felicidad. Cada d\u00eda descubro (nuevamente) las maravillas que me rodean: la floraci\u00f3n de las jaras, la nueva cosecha de sal, las migraciones de las aves, los car\u00e1mbanos colgando de los tejados... He elegido vivir y trabajar aqu\u00ed, me he formado (y sigo en ello, formaci\u00f3n continua...) y ahora quiero ense\u00f1arte a ti, que tambi\u00e9n vives en una ciudad, a descubrir la magia que se encierra en el cielo estrellado, en la resina del pino, en la flor de sal, en las aves que nos rodean, en la flora que se abre paso por cada rinc\u00f3n. Te invito a acompa\u00f1arme en un viaje lleno de conocimiento y curiosidades, de una visi\u00f3n diferente del mundo. \u00a1Ven a Saelices de la Sal!\",\"sameAs\":[\"http:\/\/cosmoguada.es\",\"https:\/\/www.facebook.com\/CosmoGuada\/\",\"https:\/\/www.instagram.com\/cosmo.guada\/\"],\"url\":\"https:\/\/cosmoguada.es\/en\/author\/cosmoguada\/\"}]}<\/script>\n<!-- \/ Yoast SEO plugin. -->","yoast_head_json":{"title":"Noche Internacional de la Luna - CosmoGuada","description":"Celebra la Noche Internacional de la Luna en Saelices de la Sal. Observa el cielo, descubre cr\u00e1teres y vive una experiencia astron\u00f3mica \u00fanica","robots":{"index":"index","follow":"follow","max-snippet":"max-snippet:-1","max-image-preview":"max-image-preview:large","max-video-preview":"max-video-preview:-1"},"canonical":"https:\/\/cosmoguada.es\/en\/2025\/09\/29\/noche-internacional-de-la-luna\/","og_locale":"en_GB","og_type":"article","og_title":"Noche Internacional de la Luna - CosmoGuada","og_description":"Celebra la Noche Internacional de la Luna en Saelices de la Sal. Observa el cielo, descubre cr\u00e1teres y vive una experiencia astron\u00f3mica \u00fanica","og_url":"https:\/\/cosmoguada.es\/en\/2025\/09\/29\/noche-internacional-de-la-luna\/","og_site_name":"CosmoGuada","article_publisher":"https:\/\/www.facebook.com\/CosmoGuada\/","article_author":"https:\/\/www.facebook.com\/CosmoGuada\/","article_published_time":"2025-09-29T18:58:59+00:00","article_modified_time":"2025-09-30T07:38:24+00:00","og_image":[{"width":600,"height":480,"url":"https:\/\/cosmoguada.es\/wp-content\/uploads\/2024\/01\/closeup-foto-eclipse-lunar-aislado-negro-scaled-e1713559190475.jpg","type":"image\/jpeg"}],"author":"cosmoguada","twitter_card":"summary_large_image","twitter_misc":{"Written by":"cosmoguada","Estimated reading time":"5 minutes"},"schema":{"@context":"https:\/\/schema.org","@graph":[{"@type":"Article","@id":"https:\/\/cosmoguada.es\/2025\/09\/29\/noche-internacional-de-la-luna\/#article","isPartOf":{"@id":"https:\/\/cosmoguada.es\/2025\/09\/29\/noche-internacional-de-la-luna\/"},"author":{"name":"cosmoguada","@id":"https:\/\/cosmoguada.es\/#\/schema\/person\/05b04f6e96f86dbf173fd805f9280d25"},"headline":"Noche Internacional de la Luna","datePublished":"2025-09-29T18:58:59+00:00","dateModified":"2025-09-30T07:38:24+00:00","mainEntityOfPage":{"@id":"https:\/\/cosmoguada.es\/2025\/09\/29\/noche-internacional-de-la-luna\/"},"wordCount":930,"commentCount":0,"publisher":{"@id":"https:\/\/cosmoguada.es\/#organization"},"image":{"@id":"https:\/\/cosmoguada.es\/2025\/09\/29\/noche-internacional-de-la-luna\/#primaryimage"},"thumbnailUrl":"https:\/\/cosmoguada.es\/wp-content\/uploads\/2024\/01\/closeup-foto-eclipse-lunar-aislado-negro-scaled-e1713559190475.jpg","articleSection":["Sin categor\u00eda"],"inLanguage":"en-GB","potentialAction":[{"@type":"CommentAction","name":"Comment","target":["https:\/\/cosmoguada.es\/2025\/09\/29\/noche-internacional-de-la-luna\/#respond"]}]},{"@type":"WebPage","@id":"https:\/\/cosmoguada.es\/2025\/09\/29\/noche-internacional-de-la-luna\/","url":"https:\/\/cosmoguada.es\/2025\/09\/29\/noche-internacional-de-la-luna\/","name":"Noche Internacional de la Luna - CosmoGuada","isPartOf":{"@id":"https:\/\/cosmoguada.es\/#website"},"primaryImageOfPage":{"@id":"https:\/\/cosmoguada.es\/2025\/09\/29\/noche-internacional-de-la-luna\/#primaryimage"},"image":{"@id":"https:\/\/cosmoguada.es\/2025\/09\/29\/noche-internacional-de-la-luna\/#primaryimage"},"thumbnailUrl":"https:\/\/cosmoguada.es\/wp-content\/uploads\/2024\/01\/closeup-foto-eclipse-lunar-aislado-negro-scaled-e1713559190475.jpg","datePublished":"2025-09-29T18:58:59+00:00","dateModified":"2025-09-30T07:38:24+00:00","description":"Celebra la Noche Internacional de la Luna en Saelices de la Sal. Observa el cielo, descubre cr\u00e1teres y vive una experiencia astron\u00f3mica \u00fanica","breadcrumb":{"@id":"https:\/\/cosmoguada.es\/2025\/09\/29\/noche-internacional-de-la-luna\/#breadcrumb"},"inLanguage":"en-GB","potentialAction":[{"@type":"ReadAction","target":["https:\/\/cosmoguada.es\/2025\/09\/29\/noche-internacional-de-la-luna\/"]}]},{"@type":"ImageObject","inLanguage":"en-GB","@id":"https:\/\/cosmoguada.es\/2025\/09\/29\/noche-internacional-de-la-luna\/#primaryimage","url":"https:\/\/cosmoguada.es\/wp-content\/uploads\/2024\/01\/closeup-foto-eclipse-lunar-aislado-negro-scaled-e1713559190475.jpg","contentUrl":"https:\/\/cosmoguada.es\/wp-content\/uploads\/2024\/01\/closeup-foto-eclipse-lunar-aislado-negro-scaled-e1713559190475.jpg","width":600,"height":480,"caption":"A closeup shot of a lunar eclipse isolated on a black background"},{"@type":"BreadcrumbList","@id":"https:\/\/cosmoguada.es\/2025\/09\/29\/noche-internacional-de-la-luna\/#breadcrumb","itemListElement":[{"@type":"ListItem","position":1,"name":"Portada","item":"https:\/\/cosmoguada.es\/"},{"@type":"ListItem","position":2,"name":"Sin categor\u00eda","item":"https:\/\/cosmoguada.es\/en\/category\/sin-categoria-es\/"},{"@type":"ListItem","position":3,"name":"Noche Internacional de la Luna"}]},{"@type":"WebSite","@id":"https:\/\/cosmoguada.es\/#website","url":"https:\/\/cosmoguada.es\/","name":"CosmoGuada","description":"Astronomical Experiences in Guadalajara","publisher":{"@id":"https:\/\/cosmoguada.es\/#organization"},"potentialAction":[{"@type":"SearchAction","target":{"@type":"EntryPoint","urlTemplate":"https:\/\/cosmoguada.es\/?s={search_term_string}"},"query-input":{"@type":"PropertyValueSpecification","valueRequired":true,"valueName":"search_term_string"}}],"inLanguage":"en-GB"},{"@type":"Organization","@id":"https:\/\/cosmoguada.es\/#organization","name":"CosmoGuada","url":"https:\/\/cosmoguada.es\/","logo":{"@type":"ImageObject","inLanguage":"en-GB","@id":"https:\/\/cosmoguada.es\/#\/schema\/logo\/image\/","url":"https:\/\/cosmoguada.es\/wp-content\/uploads\/2023\/11\/logo-cosmoguada-120x120-1.png","contentUrl":"https:\/\/cosmoguada.es\/wp-content\/uploads\/2023\/11\/logo-cosmoguada-120x120-1.png","width":120,"height":120,"caption":"CosmoGuada"},"image":{"@id":"https:\/\/cosmoguada.es\/#\/schema\/logo\/image\/"},"sameAs":["https:\/\/www.facebook.com\/CosmoGuada\/","https:\/\/www.instagram.com\/cosmo.guada\/"]},{"@type":"Person","@id":"https:\/\/cosmoguada.es\/#\/schema\/person\/05b04f6e96f86dbf173fd805f9280d25","name":"cosmoguada","image":{"@type":"ImageObject","inLanguage":"en-GB","@id":"https:\/\/cosmoguada.es\/#\/schema\/person\/image\/","url":"https:\/\/secure.gravatar.com\/avatar\/98d7995df4bfffb4e17325fdd354f2cdf36450ed48776190c869e438f94d724b?s=96&d=mm&r=g","contentUrl":"https:\/\/secure.gravatar.com\/avatar\/98d7995df4bfffb4e17325fdd354f2cdf36450ed48776190c869e438f94d724b?s=96&d=mm&r=g","caption":"cosmoguada"},"description":"Deja que me presente. Mi nombre es Lola Silva, (ex)urbanita convencida (vaya, parece que no tan convencida). Llegu\u00e9 a Saelices de la Sal en 2012 y con el paso de los a\u00f1os descubr\u00ed algo nuevo sobre m\u00ed: SOY RURAL. Fue duro adaptarme a esta nueva vida que hoy me trae tanta felicidad. Cada d\u00eda descubro (nuevamente) las maravillas que me rodean: la floraci\u00f3n de las jaras, la nueva cosecha de sal, las migraciones de las aves, los car\u00e1mbanos colgando de los tejados... He elegido vivir y trabajar aqu\u00ed, me he formado (y sigo en ello, formaci\u00f3n continua...) y ahora quiero ense\u00f1arte a ti, que tambi\u00e9n vives en una ciudad, a descubrir la magia que se encierra en el cielo estrellado, en la resina del pino, en la flor de sal, en las aves que nos rodean, en la flora que se abre paso por cada rinc\u00f3n. Te invito a acompa\u00f1arme en un viaje lleno de conocimiento y curiosidades, de una visi\u00f3n diferente del mundo. \u00a1Ven a Saelices de la Sal!","sameAs":["http:\/\/cosmoguada.es","https:\/\/www.facebook.com\/CosmoGuada\/","https:\/\/www.instagram.com\/cosmo.guada\/"],"url":"https:\/\/cosmoguada.es\/en\/author\/cosmoguada\/"}]}},"_links":{"self":[{"href":"https:\/\/cosmoguada.es\/en\/wp-json\/wp\/v2\/posts\/2501","targetHints":{"allow":["GET"]}}],"collection":[{"href":"https:\/\/cosmoguada.es\/en\/wp-json\/wp\/v2\/posts"}],"about":[{"href":"https:\/\/cosmoguada.es\/en\/wp-json\/wp\/v2\/types\/post"}],"author":[{"embeddable":true,"href":"https:\/\/cosmoguada.es\/en\/wp-json\/wp\/v2\/users\/1"}],"replies":[{"embeddable":true,"href":"https:\/\/cosmoguada.es\/en\/wp-json\/wp\/v2\/comments?post=2501"}],"version-history":[{"count":4,"href":"https:\/\/cosmoguada.es\/en\/wp-json\/wp\/v2\/posts\/2501\/revisions"}],"predecessor-version":[{"id":2507,"href":"https:\/\/cosmoguada.es\/en\/wp-json\/wp\/v2\/posts\/2501\/revisions\/2507"}],"wp:featuredmedia":[{"embeddable":true,"href":"https:\/\/cosmoguada.es\/en\/wp-json\/wp\/v2\/media\/668"}],"wp:attachment":[{"href":"https:\/\/cosmoguada.es\/en\/wp-json\/wp\/v2\/media?parent=2501"}],"wp:term":[{"taxonomy":"category","embeddable":true,"href":"https:\/\/cosmoguada.es\/en\/wp-json\/wp\/v2\/categories?post=2501"},{"taxonomy":"post_tag","embeddable":true,"href":"https:\/\/cosmoguada.es\/en\/wp-json\/wp\/v2\/tags?post=2501"},{"taxonomy":"citadela-post-location","embeddable":true,"href":"https:\/\/cosmoguada.es\/en\/wp-json\/wp\/v2\/citadela-post-location?post=2501"}],"curies":[{"name":"wp","href":"https:\/\/api.w.org\/{rel}","templated":true}]}}