{"id":2447,"date":"2025-05-30T14:58:14","date_gmt":"2025-05-30T12:58:14","guid":{"rendered":"https:\/\/cosmoguada.es\/?p=2447"},"modified":"2025-06-02T00:27:43","modified_gmt":"2025-06-01T22:27:43","slug":"cuando-el-dia-se-hara-noche-el-gran-eclipse-solar-de-2026","status":"publish","type":"post","link":"https:\/\/cosmoguada.es\/en\/2025\/05\/30\/cuando-el-dia-se-hara-noche-el-gran-eclipse-solar-de-2026\/","title":{"rendered":"When Day Turns to Night: The Great Solar Eclipse of 2026"},"content":{"rendered":"<h2 class=\"wp-block-heading\">Challenges and opportunities for municipalities in the totality zone<\/h2>\n\n\n\n<p>On August 12, 2026, millions of eyes will turn toward the horizon to witness a spectacle that only occurs a few times a century: a total solar eclipse. For just over a minute (depending on the exact location), day will transform into night, in an event that promises to mark entire generations.<\/p>\n\n\n\n<p>The regions within the totality zone\u2014which covers communities such as Galicia, Asturias, Castilla y Le\u00f3n (the largest in that zone), Castilla-La Mancha, the Valencian Community (including Valencia and Castell\u00f3n), Arag\u00f3n, Navarra, and La Rioja\u2014will experience a unique experience... and face a major challenge.<\/p>\n\n\n\n<h2 class=\"wp-block-heading\">A unique phenomenon\u2026 with millions of visitors<\/h2>\n\n\n\n<figure class=\"wp-block-image size-large is-resized\"><img loading=\"lazy\" decoding=\"async\" width=\"1024\" height=\"1024\" src=\"https:\/\/cosmoguada.es\/wp-content\/uploads\/2025\/05\/Trafico-eclipse-usa-1024x1024.jpg\" alt=\"\" class=\"wp-image-2448\" style=\"width:438px;height:auto\"\/><figcaption class=\"wp-element-caption\"><em><sub>Advance information and traffic issues for Eclipse April 2024, USA<\/sub><\/em><\/figcaption><\/figure>\n\n\n\n<p>It is estimated that between 8 and 10 million foreign tourists will travel to observe the eclipse from the path of totality. This represents an extraordinary opportunity for economic revitalization, but also entails a great responsibility in terms of safety, mobility, information, and local planning.<\/p>\n\n\n\n<h2 class=\"wp-block-heading\">What municipalities can do<\/h2>\n\n\n\n<p>At Cosmo Guada we are already holding informative talks about the eclipse: <strong>in-person or virtual, adapted to different audiences<\/strong>Our goal is to help you prepare your municipality for this historic event, addressing both the astronomical wonders and the logistical challenges and business opportunities it will bring.<\/p>\n\n\n\n<p>We propose:<\/p>\n\n\n\n<ul class=\"wp-block-list\">\n<li><strong>Informative talks for citizens<\/strong>With engaging, engaging, and passionate storytelling, we explain what an eclipse is, why the 2026 eclipse will be special, and how to observe it safely.<\/li>\n\n\n\n<li><strong>Training for municipal officials and technicians<\/strong>: Keys to anticipating the challenges that increased visitor numbers can bring.<\/li>\n\n\n\n<li><strong>Support in planning associated events<\/strong>: so that every municipality can take advantage of this unique opportunity with safe, engaging, and sustainable activities.<\/li>\n<\/ul>\n\n\n\n<h3 class=\"wp-block-heading\">School workshops 2025-2026<\/h3>\n\n\n\n<p>In addition, we have a <strong>specific school workshop on the eclipse<\/strong>, now available for the upcoming 25th-26th academic year. We know the academic year is ending soon, so this is the perfect time for interested centers to contact us and reserve their activity for next year.<\/p>\n\n\n\n<h2 class=\"wp-block-heading\">Do you want to prepare your municipality for the eclipse?<\/h2>\n\n\n\n<p>You can contact us now to organize a talk or workshop tailored to your needs. We&#039;re already working with municipalities in various regions and aim to reach many more.<\/p>\n\n\n\n<p>\ud83d\udc49 Fill out our contact form<strong> <a href=\"https:\/\/forms.gle\/CMynLC3asm5xnxCM8\" target=\"_blank\" rel=\"noreferrer noopener\">here<\/a><\/strong> or call us directly.<br><strong>The eclipse will be unique. The preparation may be unique too.<\/strong><\/p>","protected":false},"excerpt":{"rendered":"<p>Retos y oportunidades para los municipios de la franja de la totalidad El 12 de agosto de 2026, millones de ojos se volver\u00e1n hacia el horizonte para presenciar un espect\u00e1culo que solo ocurre unas pocas veces por siglo: un eclipse total de sol. Durante poco m\u00e1s de un minuto (seg\u00fan el lugar exacto), el d\u00eda [&hellip;]<\/p>","protected":false},"author":1,"featured_media":2450,"comment_status":"open","ping_status":"open","sticky":false,"template":"","format":"standard","meta":{"_citadela_custom_class":"","footnotes":""},"categories":[53],"tags":[],"citadela-post-location":[],"class_list":["post-2447","post","type-post","status-publish","format-standard","has-post-thumbnail","hentry","category-sin-categoria-es"],"yoast_head":"<!-- This site is optimized with the Yoast SEO plugin v26.8 - https:\/\/yoast.com\/product\/yoast-seo-wordpress\/ -->\n<title>Cuando el d\u00eda se har\u00e1 noche: El gran eclipse solar de 2026 - CosmoGuada<\/title>\n<meta name=\"robots\" content=\"index, follow, max-snippet:-1, max-image-preview:large, max-video-preview:-1\" \/>\n<link rel=\"canonical\" href=\"https:\/\/cosmoguada.es\/en\/2025\/05\/30\/cuando-el-dia-se-hara-noche-el-gran-eclipse-solar-de-2026\/\" \/>\n<meta property=\"og:locale\" content=\"en_GB\" \/>\n<meta property=\"og:type\" content=\"article\" \/>\n<meta property=\"og:title\" content=\"Cuando el d\u00eda se har\u00e1 noche: El gran eclipse solar de 2026 - CosmoGuada\" \/>\n<meta property=\"og:description\" content=\"Retos y oportunidades para los municipios de la franja de la totalidad El 12 de agosto de 2026, millones de ojos se volver\u00e1n hacia el horizonte para presenciar un espect\u00e1culo que solo ocurre unas pocas veces por siglo: un eclipse total de sol. Durante poco m\u00e1s de un minuto (seg\u00fan el lugar exacto), el d\u00eda [&hellip;]\" \/>\n<meta property=\"og:url\" content=\"https:\/\/cosmoguada.es\/en\/2025\/05\/30\/cuando-el-dia-se-hara-noche-el-gran-eclipse-solar-de-2026\/\" \/>\n<meta property=\"og:site_name\" content=\"CosmoGuada\" \/>\n<meta property=\"article:publisher\" content=\"https:\/\/www.facebook.com\/CosmoGuada\/\" \/>\n<meta property=\"article:author\" content=\"https:\/\/www.facebook.com\/CosmoGuada\/\" \/>\n<meta property=\"article:published_time\" content=\"2025-05-30T12:58:14+00:00\" \/>\n<meta property=\"article:modified_time\" content=\"2025-06-01T22:27:43+00:00\" \/>\n<meta property=\"og:image\" content=\"https:\/\/cosmoguada.es\/wp-content\/uploads\/2025\/05\/eclipse-2695627_1280.jpg\" \/>\n\t<meta property=\"og:image:width\" content=\"1280\" \/>\n\t<meta property=\"og:image:height\" content=\"985\" \/>\n\t<meta property=\"og:image:type\" content=\"image\/jpeg\" \/>\n<meta name=\"author\" content=\"cosmoguada\" \/>\n<meta name=\"twitter:card\" content=\"summary_large_image\" \/>\n<meta name=\"twitter:label1\" content=\"Written by\" \/>\n\t<meta name=\"twitter:data1\" content=\"cosmoguada\" \/>\n\t<meta name=\"twitter:label2\" content=\"Estimated reading time\" \/>\n\t<meta name=\"twitter:data2\" content=\"2 minutes\" \/>\n<script type=\"application\/ld+json\" class=\"yoast-schema-graph\">{\"@context\":\"https:\/\/schema.org\",\"@graph\":[{\"@type\":\"Article\",\"@id\":\"https:\/\/cosmoguada.es\/2025\/05\/30\/cuando-el-dia-se-hara-noche-el-gran-eclipse-solar-de-2026\/#article\",\"isPartOf\":{\"@id\":\"https:\/\/cosmoguada.es\/2025\/05\/30\/cuando-el-dia-se-hara-noche-el-gran-eclipse-solar-de-2026\/\"},\"author\":{\"name\":\"cosmoguada\",\"@id\":\"https:\/\/cosmoguada.es\/#\/schema\/person\/05b04f6e96f86dbf173fd805f9280d25\"},\"headline\":\"Cuando el d\u00eda se har\u00e1 noche: El gran eclipse solar de 2026\",\"datePublished\":\"2025-05-30T12:58:14+00:00\",\"dateModified\":\"2025-06-01T22:27:43+00:00\",\"mainEntityOfPage\":{\"@id\":\"https:\/\/cosmoguada.es\/2025\/05\/30\/cuando-el-dia-se-hara-noche-el-gran-eclipse-solar-de-2026\/\"},\"wordCount\":458,\"commentCount\":0,\"publisher\":{\"@id\":\"https:\/\/cosmoguada.es\/#organization\"},\"image\":{\"@id\":\"https:\/\/cosmoguada.es\/2025\/05\/30\/cuando-el-dia-se-hara-noche-el-gran-eclipse-solar-de-2026\/#primaryimage\"},\"thumbnailUrl\":\"https:\/\/cosmoguada.es\/wp-content\/uploads\/2025\/05\/eclipse-2695627_1280.jpg\",\"articleSection\":[\"Sin categor\u00eda\"],\"inLanguage\":\"en-GB\",\"potentialAction\":[{\"@type\":\"CommentAction\",\"name\":\"Comment\",\"target\":[\"https:\/\/cosmoguada.es\/2025\/05\/30\/cuando-el-dia-se-hara-noche-el-gran-eclipse-solar-de-2026\/#respond\"]}]},{\"@type\":\"WebPage\",\"@id\":\"https:\/\/cosmoguada.es\/2025\/05\/30\/cuando-el-dia-se-hara-noche-el-gran-eclipse-solar-de-2026\/\",\"url\":\"https:\/\/cosmoguada.es\/2025\/05\/30\/cuando-el-dia-se-hara-noche-el-gran-eclipse-solar-de-2026\/\",\"name\":\"Cuando el d\u00eda se har\u00e1 noche: El gran eclipse solar de 2026 - CosmoGuada\",\"isPartOf\":{\"@id\":\"https:\/\/cosmoguada.es\/#website\"},\"primaryImageOfPage\":{\"@id\":\"https:\/\/cosmoguada.es\/2025\/05\/30\/cuando-el-dia-se-hara-noche-el-gran-eclipse-solar-de-2026\/#primaryimage\"},\"image\":{\"@id\":\"https:\/\/cosmoguada.es\/2025\/05\/30\/cuando-el-dia-se-hara-noche-el-gran-eclipse-solar-de-2026\/#primaryimage\"},\"thumbnailUrl\":\"https:\/\/cosmoguada.es\/wp-content\/uploads\/2025\/05\/eclipse-2695627_1280.jpg\",\"datePublished\":\"2025-05-30T12:58:14+00:00\",\"dateModified\":\"2025-06-01T22:27:43+00:00\",\"breadcrumb\":{\"@id\":\"https:\/\/cosmoguada.es\/2025\/05\/30\/cuando-el-dia-se-hara-noche-el-gran-eclipse-solar-de-2026\/#breadcrumb\"},\"inLanguage\":\"en-GB\",\"potentialAction\":[{\"@type\":\"ReadAction\",\"target\":[\"https:\/\/cosmoguada.es\/2025\/05\/30\/cuando-el-dia-se-hara-noche-el-gran-eclipse-solar-de-2026\/\"]}]},{\"@type\":\"ImageObject\",\"inLanguage\":\"en-GB\",\"@id\":\"https:\/\/cosmoguada.es\/2025\/05\/30\/cuando-el-dia-se-hara-noche-el-gran-eclipse-solar-de-2026\/#primaryimage\",\"url\":\"https:\/\/cosmoguada.es\/wp-content\/uploads\/2025\/05\/eclipse-2695627_1280.jpg\",\"contentUrl\":\"https:\/\/cosmoguada.es\/wp-content\/uploads\/2025\/05\/eclipse-2695627_1280.jpg\",\"width\":1280,\"height\":985},{\"@type\":\"BreadcrumbList\",\"@id\":\"https:\/\/cosmoguada.es\/2025\/05\/30\/cuando-el-dia-se-hara-noche-el-gran-eclipse-solar-de-2026\/#breadcrumb\",\"itemListElement\":[{\"@type\":\"ListItem\",\"position\":1,\"name\":\"Portada\",\"item\":\"https:\/\/cosmoguada.es\/\"},{\"@type\":\"ListItem\",\"position\":2,\"name\":\"Sin categor\u00eda\",\"item\":\"https:\/\/cosmoguada.es\/en\/category\/sin-categoria-es\/\"},{\"@type\":\"ListItem\",\"position\":3,\"name\":\"Cuando el d\u00eda se har\u00e1 noche: El gran eclipse solar de 2026\"}]},{\"@type\":\"WebSite\",\"@id\":\"https:\/\/cosmoguada.es\/#website\",\"url\":\"https:\/\/cosmoguada.es\/\",\"name\":\"CosmoGuada\",\"description\":\"Experiencias Astron\u00f3micas en Guadalajara\",\"publisher\":{\"@id\":\"https:\/\/cosmoguada.es\/#organization\"},\"potentialAction\":[{\"@type\":\"SearchAction\",\"target\":{\"@type\":\"EntryPoint\",\"urlTemplate\":\"https:\/\/cosmoguada.es\/?s={search_term_string}\"},\"query-input\":{\"@type\":\"PropertyValueSpecification\",\"valueRequired\":true,\"valueName\":\"search_term_string\"}}],\"inLanguage\":\"en-GB\"},{\"@type\":\"Organization\",\"@id\":\"https:\/\/cosmoguada.es\/#organization\",\"name\":\"CosmoGuada\",\"url\":\"https:\/\/cosmoguada.es\/\",\"logo\":{\"@type\":\"ImageObject\",\"inLanguage\":\"en-GB\",\"@id\":\"https:\/\/cosmoguada.es\/#\/schema\/logo\/image\/\",\"url\":\"https:\/\/cosmoguada.es\/wp-content\/uploads\/2023\/11\/logo-cosmoguada-120x120-1.png\",\"contentUrl\":\"https:\/\/cosmoguada.es\/wp-content\/uploads\/2023\/11\/logo-cosmoguada-120x120-1.png\",\"width\":120,\"height\":120,\"caption\":\"CosmoGuada\"},\"image\":{\"@id\":\"https:\/\/cosmoguada.es\/#\/schema\/logo\/image\/\"},\"sameAs\":[\"https:\/\/www.facebook.com\/CosmoGuada\/\",\"https:\/\/www.instagram.com\/cosmo.guada\/\"]},{\"@type\":\"Person\",\"@id\":\"https:\/\/cosmoguada.es\/#\/schema\/person\/05b04f6e96f86dbf173fd805f9280d25\",\"name\":\"cosmoguada\",\"image\":{\"@type\":\"ImageObject\",\"inLanguage\":\"en-GB\",\"@id\":\"https:\/\/cosmoguada.es\/#\/schema\/person\/image\/\",\"url\":\"https:\/\/secure.gravatar.com\/avatar\/98d7995df4bfffb4e17325fdd354f2cdf36450ed48776190c869e438f94d724b?s=96&d=mm&r=g\",\"contentUrl\":\"https:\/\/secure.gravatar.com\/avatar\/98d7995df4bfffb4e17325fdd354f2cdf36450ed48776190c869e438f94d724b?s=96&d=mm&r=g\",\"caption\":\"cosmoguada\"},\"description\":\"Deja que me presente. Mi nombre es Lola Silva, (ex)urbanita convencida (vaya, parece que no tan convencida). Llegu\u00e9 a Saelices de la Sal en 2012 y con el paso de los a\u00f1os descubr\u00ed algo nuevo sobre m\u00ed: SOY RURAL. Fue duro adaptarme a esta nueva vida que hoy me trae tanta felicidad. Cada d\u00eda descubro (nuevamente) las maravillas que me rodean: la floraci\u00f3n de las jaras, la nueva cosecha de sal, las migraciones de las aves, los car\u00e1mbanos colgando de los tejados... He elegido vivir y trabajar aqu\u00ed, me he formado (y sigo en ello, formaci\u00f3n continua...) y ahora quiero ense\u00f1arte a ti, que tambi\u00e9n vives en una ciudad, a descubrir la magia que se encierra en el cielo estrellado, en la resina del pino, en la flor de sal, en las aves que nos rodean, en la flora que se abre paso por cada rinc\u00f3n. Te invito a acompa\u00f1arme en un viaje lleno de conocimiento y curiosidades, de una visi\u00f3n diferente del mundo. \u00a1Ven a Saelices de la Sal!\",\"sameAs\":[\"http:\/\/cosmoguada.es\",\"https:\/\/www.facebook.com\/CosmoGuada\/\",\"https:\/\/www.instagram.com\/cosmo.guada\/\"],\"url\":\"https:\/\/cosmoguada.es\/en\/author\/cosmoguada\/\"}]}<\/script>\n<!-- \/ Yoast SEO plugin. -->","yoast_head_json":{"title":"Cuando el d\u00eda se har\u00e1 noche: El gran eclipse solar de 2026 - CosmoGuada","robots":{"index":"index","follow":"follow","max-snippet":"max-snippet:-1","max-image-preview":"max-image-preview:large","max-video-preview":"max-video-preview:-1"},"canonical":"https:\/\/cosmoguada.es\/en\/2025\/05\/30\/cuando-el-dia-se-hara-noche-el-gran-eclipse-solar-de-2026\/","og_locale":"en_GB","og_type":"article","og_title":"Cuando el d\u00eda se har\u00e1 noche: El gran eclipse solar de 2026 - CosmoGuada","og_description":"Retos y oportunidades para los municipios de la franja de la totalidad El 12 de agosto de 2026, millones de ojos se volver\u00e1n hacia el horizonte para presenciar un espect\u00e1culo que solo ocurre unas pocas veces por siglo: un eclipse total de sol. Durante poco m\u00e1s de un minuto (seg\u00fan el lugar exacto), el d\u00eda [&hellip;]","og_url":"https:\/\/cosmoguada.es\/en\/2025\/05\/30\/cuando-el-dia-se-hara-noche-el-gran-eclipse-solar-de-2026\/","og_site_name":"CosmoGuada","article_publisher":"https:\/\/www.facebook.com\/CosmoGuada\/","article_author":"https:\/\/www.facebook.com\/CosmoGuada\/","article_published_time":"2025-05-30T12:58:14+00:00","article_modified_time":"2025-06-01T22:27:43+00:00","og_image":[{"width":1280,"height":985,"url":"https:\/\/cosmoguada.es\/wp-content\/uploads\/2025\/05\/eclipse-2695627_1280.jpg","type":"image\/jpeg"}],"author":"cosmoguada","twitter_card":"summary_large_image","twitter_misc":{"Written by":"cosmoguada","Estimated reading time":"2 minutes"},"schema":{"@context":"https:\/\/schema.org","@graph":[{"@type":"Article","@id":"https:\/\/cosmoguada.es\/2025\/05\/30\/cuando-el-dia-se-hara-noche-el-gran-eclipse-solar-de-2026\/#article","isPartOf":{"@id":"https:\/\/cosmoguada.es\/2025\/05\/30\/cuando-el-dia-se-hara-noche-el-gran-eclipse-solar-de-2026\/"},"author":{"name":"cosmoguada","@id":"https:\/\/cosmoguada.es\/#\/schema\/person\/05b04f6e96f86dbf173fd805f9280d25"},"headline":"Cuando el d\u00eda se har\u00e1 noche: El gran eclipse solar de 2026","datePublished":"2025-05-30T12:58:14+00:00","dateModified":"2025-06-01T22:27:43+00:00","mainEntityOfPage":{"@id":"https:\/\/cosmoguada.es\/2025\/05\/30\/cuando-el-dia-se-hara-noche-el-gran-eclipse-solar-de-2026\/"},"wordCount":458,"commentCount":0,"publisher":{"@id":"https:\/\/cosmoguada.es\/#organization"},"image":{"@id":"https:\/\/cosmoguada.es\/2025\/05\/30\/cuando-el-dia-se-hara-noche-el-gran-eclipse-solar-de-2026\/#primaryimage"},"thumbnailUrl":"https:\/\/cosmoguada.es\/wp-content\/uploads\/2025\/05\/eclipse-2695627_1280.jpg","articleSection":["Sin categor\u00eda"],"inLanguage":"en-GB","potentialAction":[{"@type":"CommentAction","name":"Comment","target":["https:\/\/cosmoguada.es\/2025\/05\/30\/cuando-el-dia-se-hara-noche-el-gran-eclipse-solar-de-2026\/#respond"]}]},{"@type":"WebPage","@id":"https:\/\/cosmoguada.es\/2025\/05\/30\/cuando-el-dia-se-hara-noche-el-gran-eclipse-solar-de-2026\/","url":"https:\/\/cosmoguada.es\/2025\/05\/30\/cuando-el-dia-se-hara-noche-el-gran-eclipse-solar-de-2026\/","name":"Cuando el d\u00eda se har\u00e1 noche: El gran eclipse solar de 2026 - CosmoGuada","isPartOf":{"@id":"https:\/\/cosmoguada.es\/#website"},"primaryImageOfPage":{"@id":"https:\/\/cosmoguada.es\/2025\/05\/30\/cuando-el-dia-se-hara-noche-el-gran-eclipse-solar-de-2026\/#primaryimage"},"image":{"@id":"https:\/\/cosmoguada.es\/2025\/05\/30\/cuando-el-dia-se-hara-noche-el-gran-eclipse-solar-de-2026\/#primaryimage"},"thumbnailUrl":"https:\/\/cosmoguada.es\/wp-content\/uploads\/2025\/05\/eclipse-2695627_1280.jpg","datePublished":"2025-05-30T12:58:14+00:00","dateModified":"2025-06-01T22:27:43+00:00","breadcrumb":{"@id":"https:\/\/cosmoguada.es\/2025\/05\/30\/cuando-el-dia-se-hara-noche-el-gran-eclipse-solar-de-2026\/#breadcrumb"},"inLanguage":"en-GB","potentialAction":[{"@type":"ReadAction","target":["https:\/\/cosmoguada.es\/2025\/05\/30\/cuando-el-dia-se-hara-noche-el-gran-eclipse-solar-de-2026\/"]}]},{"@type":"ImageObject","inLanguage":"en-GB","@id":"https:\/\/cosmoguada.es\/2025\/05\/30\/cuando-el-dia-se-hara-noche-el-gran-eclipse-solar-de-2026\/#primaryimage","url":"https:\/\/cosmoguada.es\/wp-content\/uploads\/2025\/05\/eclipse-2695627_1280.jpg","contentUrl":"https:\/\/cosmoguada.es\/wp-content\/uploads\/2025\/05\/eclipse-2695627_1280.jpg","width":1280,"height":985},{"@type":"BreadcrumbList","@id":"https:\/\/cosmoguada.es\/2025\/05\/30\/cuando-el-dia-se-hara-noche-el-gran-eclipse-solar-de-2026\/#breadcrumb","itemListElement":[{"@type":"ListItem","position":1,"name":"Portada","item":"https:\/\/cosmoguada.es\/"},{"@type":"ListItem","position":2,"name":"Sin categor\u00eda","item":"https:\/\/cosmoguada.es\/en\/category\/sin-categoria-es\/"},{"@type":"ListItem","position":3,"name":"Cuando el d\u00eda se har\u00e1 noche: El gran eclipse solar de 2026"}]},{"@type":"WebSite","@id":"https:\/\/cosmoguada.es\/#website","url":"https:\/\/cosmoguada.es\/","name":"CosmoGuada","description":"Astronomical Experiences in Guadalajara","publisher":{"@id":"https:\/\/cosmoguada.es\/#organization"},"potentialAction":[{"@type":"SearchAction","target":{"@type":"EntryPoint","urlTemplate":"https:\/\/cosmoguada.es\/?s={search_term_string}"},"query-input":{"@type":"PropertyValueSpecification","valueRequired":true,"valueName":"search_term_string"}}],"inLanguage":"en-GB"},{"@type":"Organization","@id":"https:\/\/cosmoguada.es\/#organization","name":"CosmoGuada","url":"https:\/\/cosmoguada.es\/","logo":{"@type":"ImageObject","inLanguage":"en-GB","@id":"https:\/\/cosmoguada.es\/#\/schema\/logo\/image\/","url":"https:\/\/cosmoguada.es\/wp-content\/uploads\/2023\/11\/logo-cosmoguada-120x120-1.png","contentUrl":"https:\/\/cosmoguada.es\/wp-content\/uploads\/2023\/11\/logo-cosmoguada-120x120-1.png","width":120,"height":120,"caption":"CosmoGuada"},"image":{"@id":"https:\/\/cosmoguada.es\/#\/schema\/logo\/image\/"},"sameAs":["https:\/\/www.facebook.com\/CosmoGuada\/","https:\/\/www.instagram.com\/cosmo.guada\/"]},{"@type":"Person","@id":"https:\/\/cosmoguada.es\/#\/schema\/person\/05b04f6e96f86dbf173fd805f9280d25","name":"cosmoguada","image":{"@type":"ImageObject","inLanguage":"en-GB","@id":"https:\/\/cosmoguada.es\/#\/schema\/person\/image\/","url":"https:\/\/secure.gravatar.com\/avatar\/98d7995df4bfffb4e17325fdd354f2cdf36450ed48776190c869e438f94d724b?s=96&d=mm&r=g","contentUrl":"https:\/\/secure.gravatar.com\/avatar\/98d7995df4bfffb4e17325fdd354f2cdf36450ed48776190c869e438f94d724b?s=96&d=mm&r=g","caption":"cosmoguada"},"description":"Deja que me presente. Mi nombre es Lola Silva, (ex)urbanita convencida (vaya, parece que no tan convencida). Llegu\u00e9 a Saelices de la Sal en 2012 y con el paso de los a\u00f1os descubr\u00ed algo nuevo sobre m\u00ed: SOY RURAL. Fue duro adaptarme a esta nueva vida que hoy me trae tanta felicidad. Cada d\u00eda descubro (nuevamente) las maravillas que me rodean: la floraci\u00f3n de las jaras, la nueva cosecha de sal, las migraciones de las aves, los car\u00e1mbanos colgando de los tejados... He elegido vivir y trabajar aqu\u00ed, me he formado (y sigo en ello, formaci\u00f3n continua...) y ahora quiero ense\u00f1arte a ti, que tambi\u00e9n vives en una ciudad, a descubrir la magia que se encierra en el cielo estrellado, en la resina del pino, en la flor de sal, en las aves que nos rodean, en la flora que se abre paso por cada rinc\u00f3n. Te invito a acompa\u00f1arme en un viaje lleno de conocimiento y curiosidades, de una visi\u00f3n diferente del mundo. \u00a1Ven a Saelices de la Sal!","sameAs":["http:\/\/cosmoguada.es","https:\/\/www.facebook.com\/CosmoGuada\/","https:\/\/www.instagram.com\/cosmo.guada\/"],"url":"https:\/\/cosmoguada.es\/en\/author\/cosmoguada\/"}]}},"_links":{"self":[{"href":"https:\/\/cosmoguada.es\/en\/wp-json\/wp\/v2\/posts\/2447","targetHints":{"allow":["GET"]}}],"collection":[{"href":"https:\/\/cosmoguada.es\/en\/wp-json\/wp\/v2\/posts"}],"about":[{"href":"https:\/\/cosmoguada.es\/en\/wp-json\/wp\/v2\/types\/post"}],"author":[{"embeddable":true,"href":"https:\/\/cosmoguada.es\/en\/wp-json\/wp\/v2\/users\/1"}],"replies":[{"embeddable":true,"href":"https:\/\/cosmoguada.es\/en\/wp-json\/wp\/v2\/comments?post=2447"}],"version-history":[{"count":4,"href":"https:\/\/cosmoguada.es\/en\/wp-json\/wp\/v2\/posts\/2447\/revisions"}],"predecessor-version":[{"id":2455,"href":"https:\/\/cosmoguada.es\/en\/wp-json\/wp\/v2\/posts\/2447\/revisions\/2455"}],"wp:featuredmedia":[{"embeddable":true,"href":"https:\/\/cosmoguada.es\/en\/wp-json\/wp\/v2\/media\/2450"}],"wp:attachment":[{"href":"https:\/\/cosmoguada.es\/en\/wp-json\/wp\/v2\/media?parent=2447"}],"wp:term":[{"taxonomy":"category","embeddable":true,"href":"https:\/\/cosmoguada.es\/en\/wp-json\/wp\/v2\/categories?post=2447"},{"taxonomy":"post_tag","embeddable":true,"href":"https:\/\/cosmoguada.es\/en\/wp-json\/wp\/v2\/tags?post=2447"},{"taxonomy":"citadela-post-location","embeddable":true,"href":"https:\/\/cosmoguada.es\/en\/wp-json\/wp\/v2\/citadela-post-location?post=2447"}],"curies":[{"name":"wp","href":"https:\/\/api.w.org\/{rel}","templated":true}]}}