{"id":2391,"date":"2025-03-01T20:13:15","date_gmt":"2025-03-01T19:13:15","guid":{"rendered":"https:\/\/cosmoguada.es\/?p=2391"},"modified":"2025-03-01T20:13:16","modified_gmt":"2025-03-01T19:13:16","slug":"el-cielo-de-marzo-2025","status":"publish","type":"post","link":"https:\/\/cosmoguada.es\/en\/2025\/03\/01\/el-cielo-de-marzo-2025\/","title":{"rendered":"Astronomical events in March 2025: We are preparing for the great Spanish eclipse!"},"content":{"rendered":"<p>March gives us a month full of astronomical phenomena that invite us to contemplate the sky and rediscover our connection with the universe. The undisputed protagonist is the <strong>partial solar eclipse of march 29<\/strong>, an unmissable event in Saelices de la Sal that anticipates the spectacular total eclipse that Spain will experience in 2026. But that&#039;s not all: the Moon, the planets and the arrival of spring offer us a series of celestial experiences that have fascinated humanity since time immemorial.<\/p>\n\n\n\n<hr class=\"wp-block-separator has-alpha-channel-opacity\"\/>\n\n\n\n<h2 class=\"wp-block-heading\">The big event: Partial solar eclipse on March 29<\/h2>\n\n\n\n<p>On March 29, at dawn, the Moon will come between the Earth and the Sun, generating an impressive <strong>partial solar eclipse<\/strong>This phenomenon will be visible in much of Europe, North Africa and North America. In Saelices de la Sal, we have organised a special day of observation in which, through the use of solar telescopes and live explanations, you will be able to appreciate every detail of the eclipse safely. Remember to follow all safety recommendations: use glasses with an approved solar filter or the appropriate filters on your optical instruments. This activity, carried out in the Starlight Cielos Reserve in Guadalajara, is the perfect opportunity to start experiencing astrotourism in a unique way. <a href=\"https:\/\/cosmoguada.es\/en\/evento\/eclipse-parcial-de-sol-en-las-salinas-de-san-juan-observa-con-cosmo-guada\/\">Book your ticket here<\/a>.<\/p>\n\n\n\n<hr class=\"wp-block-separator has-alpha-channel-opacity\"\/>\n\n\n\n<h2 class=\"wp-block-heading\">Lunar events: Pleiades, Mars and the Micromoon<\/h2>\n\n\n\n<p><\/p>\n\n\n\n<p>The Moon, always present in our firmament, is not always in the same place. And we are not just referring to whether it is higher or lower, no. Do you know when we talk about a <strong>Supermoon<\/strong>? We are referring to when the Moon looks especially big and bright. This March, the opposite happens: we will have a <strong>Micromoon<\/strong>, meaning the Moon will appear approximately 4% smaller in size and 8% less luminous than a typical Full Moon. This difference in apparent size is due to the Moon being at its farthest point from Earth during its orbit, which reduces its visual size in the sky.<\/p>\n\n\n\n<h3 class=\"wp-block-heading\">Conjunction with the Pleiades<\/h3>\n\n\n\n<figure class=\"wp-block-image size-full is-resized\"><img loading=\"lazy\" decoding=\"async\" width=\"655\" height=\"542\" src=\"https:\/\/cosmoguada.es\/wp-content\/uploads\/2025\/03\/image.png\" alt=\"\" class=\"wp-image-2400\" style=\"width:424px;height:auto\" srcset=\"https:\/\/cosmoguada.es\/wp-content\/uploads\/2025\/03\/image.png 655w, https:\/\/cosmoguada.es\/wp-content\/uploads\/2025\/03\/image-300x248.png 300w, https:\/\/cosmoguada.es\/wp-content\/uploads\/2025\/03\/image-15x12.png 15w\" sizes=\"auto, (max-width: 655px) 100vw, 655px\" \/><figcaption class=\"wp-element-caption\"><em><sup>Jupiter, Taurus, Moon and Pleiades on the night of March 5 (Stellarium)<\/sup><\/em><\/figcaption><\/figure>\n\n\n\n<p>On March 5, the Moon will approach the beautiful star cluster <strong>the Pleiades<\/strong>, in the constellation of Taurus, with a separation of just 0\u00b036. Well, this is almost \u201cclose together\u201d, yes\u2026 but that will happen at 2pm, so we won\u2019t see it. But they will still be very close when night falls. This proximity allows for a spectacular image, perfect for capturing both objects in a photograph and enjoying the contrast between the lunar disk and the glow of this magnificent star cluster. A challenge for professionals or lovers of this noble art.<\/p>\n\n\n\n<p>Do you remember when your grandfather told you about the Seven Little Goats? Well, he was referring to the Pleiades, also known as the \u201cSeven Sisters\u201d and who hold a special place in Greek mythology. According to tradition, they were the daughters of the Titan Atlas and the nymph Pleione, and their image has been the inspiration for numerous legends, works of art and astronomical constructions throughout history. Their influence is reflected in the symbolism of fertility, union and connection with the cosmos.<\/p>\n\n\n\n<h3 class=\"wp-block-heading\">Meeting with Mars<\/h3>\n\n\n\n<p>On March 9, the Moon will be in conjunction with <strong>Mars<\/strong> in the constellation of Gemini. This event is ideal for observing Mars, which continues to dazzle with its characteristic reddish colour and prominent position in the night sky. The proximity of the Moon also makes it easier to locate the planet, making this night an unmissable event for astronomy enthusiasts.<\/p>\n\n\n\n<h3 class=\"wp-block-heading\">Full Moon and the Starry Night Experience<\/h3>\n\n\n\n<p>On March 14th, the <strong>Full Worm Moon<\/strong>. This phenomenon is atypical, since, due to the greater distance from Earth, the Moon will appear as a Micromoon, somewhat smaller and less bright than usual. The next day, March 15, although the exact moment of the Full Moon has passed, our satellite will continue to offer a remarkable spectacle. Tonight is the perfect opportunity to enjoy the astrotourism experience in the <strong>Starry Night<\/strong> that we organized in Saelices de la Sal. <a href=\"https:\/\/cosmoguada.es\/en\/actividades\/noche-estelar\/\">More information here<\/a>.<\/p>\n\n\n\n<p>Finally, on March 29, the <strong>New moon<\/strong> This will provide optimal conditions for deep sky observation, eliminating interference from the moonlight. But remember, before that, in the morning, part of it will pass in front of the sun and we will be able to see a partial solar eclipse.<\/p>\n\n\n\n<hr class=\"wp-block-separator has-alpha-channel-opacity\"\/>\n\n\n\n<h2 class=\"wp-block-heading\">Planetary panorama in March<\/h2>\n\n\n\n<p>After enjoying a magnificent planetary alignment with up to 7 planets in February, in March we turn our attention to the brilliant nocturnal planetary scene.<\/p>\n\n\n\n<h3 class=\"wp-block-heading\">Mars and Jupiter in the sky<\/h3>\n\n\n<div class=\"wp-block-image\">\n<figure class=\"aligncenter size-full is-resized\"><img loading=\"lazy\" decoding=\"async\" width=\"640\" height=\"549\" src=\"https:\/\/cosmoguada.es\/wp-content\/uploads\/2025\/03\/g72d22a40b56caa8a03d5685ef031d48abe6baec803475fced1bb985076b9854469d59f1fb0a56bcc8ea4b67b62b882ba_640-11617.jpg\" alt=\"jupiter, planet, earth, size comparison, big red spot, space, space travel, solar system, jupiter, jupiter, jupiter, jupiter, jupiter\" class=\"wp-image-2396\" style=\"width:425px;height:auto\" srcset=\"https:\/\/cosmoguada.es\/wp-content\/uploads\/2025\/03\/g72d22a40b56caa8a03d5685ef031d48abe6baec803475fced1bb985076b9854469d59f1fb0a56bcc8ea4b67b62b882ba_640-11617.jpg 640w, https:\/\/cosmoguada.es\/wp-content\/uploads\/2025\/03\/g72d22a40b56caa8a03d5685ef031d48abe6baec803475fced1bb985076b9854469d59f1fb0a56bcc8ea4b67b62b882ba_640-11617-300x257.jpg 300w, https:\/\/cosmoguada.es\/wp-content\/uploads\/2025\/03\/g72d22a40b56caa8a03d5685ef031d48abe6baec803475fced1bb985076b9854469d59f1fb0a56bcc8ea4b67b62b882ba_640-11617-14x12.jpg 14w\" sizes=\"auto, (max-width: 640px) 100vw, 640px\" \/><figcaption class=\"wp-element-caption\"><em><sup>Earth-Jupiter size comparison<\/sup><\/em><br><\/figcaption><\/figure><\/div>\n\n\n<p>This month, <strong>Mars<\/strong> and <strong>Jupiter<\/strong> continue to be two of the protagonists of the night sky. Mars, visible in the constellation of Gemini, stands out for its unmistakable reddish hue, while Jupiter, which appears in the constellation of Aries, dazzles with its imposing presence. It should be noted that, while <strong>Saturn<\/strong> is no longer visible on our horizon, marking the end of its observation stage, <strong>Neptune<\/strong> It has become extremely difficult to distinguish due to its proximity to the Sun.<\/p>\n\n\n\n<h3 class=\"wp-block-heading\">Venus in double shift<\/h3>\n\n\n\n<p>Between March 18 and 21, Venus will surprise us by being visible both at dawn and at dusk. This phenomenon, which occurs around its inferior conjunction with the Sun (expected for March 23), is rare and adds a special touch to the nighttime spectacle. From then on, we will be able to see it, above all, at dawn. It will cease to be the evening star and will become the morning star.<\/p>\n\n\n\n<h3 class=\"wp-block-heading\">Mercury and company on the morning horizon<\/h3>\n\n\n\n<p>Mercury will gradually rise above the horizon each day, reaching its highest point around March 9-10, after which it will begin to descend again. Its brightness will gradually fade as the days go by. On March 29, Mercury will accompany Venus in the dawn, but its light will be so subtle that only those with keen eyesight will be able to distinguish it. To close this delicate morning show, Saturn will join them on March 31, adding its serene presence to the celestial ensemble.<\/p>\n\n\n\n<hr class=\"wp-block-separator has-alpha-channel-opacity\"\/>\n\n\n\n<h2 class=\"wp-block-heading\">March Equinox: The beginning of spring<\/h2>\n\n\n\n<p>On March 20, at 09:02 GMT, the <strong>March equinox<\/strong>, marking the beginning of spring in the Northern Hemisphere and the start of autumn in the Southern Hemisphere. This day, when the length of day and night are almost equal all over the world, has been celebrated and observed by ancient civilizations, who erected monuments and developed rituals around this phenomenon. The importance of the equinox lies not only in the seasonal change, but also in its role in agricultural organization and in cultural festivities that celebrate renewal and hope.<\/p>\n\n\n<div class=\"wp-block-image\">\n<figure class=\"aligncenter size-full is-resized\"><img loading=\"lazy\" decoding=\"async\" width=\"1024\" height=\"930\" src=\"https:\/\/cosmoguada.es\/wp-content\/uploads\/2025\/03\/primavera.jpg\" alt=\"\" class=\"wp-image-2397\" style=\"width:381px;height:auto\" srcset=\"https:\/\/cosmoguada.es\/wp-content\/uploads\/2025\/03\/primavera.jpg 1024w, https:\/\/cosmoguada.es\/wp-content\/uploads\/2025\/03\/primavera-300x272.jpg 300w, https:\/\/cosmoguada.es\/wp-content\/uploads\/2025\/03\/primavera-768x698.jpg 768w, https:\/\/cosmoguada.es\/wp-content\/uploads\/2025\/03\/primavera-13x12.jpg 13w\" sizes=\"auto, (max-width: 1024px) 100vw, 1024px\" \/><figcaption class=\"wp-element-caption\"><em><sup>Spring Equinox<\/sup><\/em><\/figcaption><\/figure><\/div>\n\n\n<h3 class=\"wp-block-heading\">Time change<\/h3>\n\n\n\n<p>Although both the European Parliament and the Commission have spoken out in favour of eliminating time changes in the future, there is still no definitive decision on the matter. Therefore, during 2025, the traditional time change that takes place on the last Sunday in March will continue to be in force. On that day,<strong>&nbsp;March 30th<\/strong>At 2 a.m. peninsular time, we will move the clocks forward one hour to 3 a.m. In the Canary Islands, 1 a.m. will become 2 a.m.<em> (This paragraph is original from the National Astronomical Observatory (IGN, Ministry of Transport and Sustainable Mobility)<\/em><\/p>\n\n\n\n<hr class=\"wp-block-separator has-alpha-channel-opacity\"\/>\n\n\n\n<p>March offers us a spectacular astronomical panorama, in which the interaction between the Moon, the planets and the Sun invites us to explore the universe in a unique way. From the partial solar eclipse in Saelices de la Sal to the Starry Night experience and the brilliant planetary setting, each event is an opportunity to reconnect with the immensity of the sky. Don&#039;t miss it and come and enjoy it with us at the Starlight Cielos de Guadalajara Reserve!<\/p>","protected":false},"excerpt":{"rendered":"<p>Marzo nos regala un mes repleto de fen\u00f3menos astron\u00f3micos que invitan a contemplar el cielo y a redescubrir nuestro v\u00ednculo con el universo. El protagonista indiscutible es el eclipse solar parcial del 29 de marzo, un evento imperdible en Saelices de la Sal que anticipa el espectacular eclipse total que Espa\u00f1a vivir\u00e1 en 2026. Pero [&hellip;]<\/p>","protected":false},"author":1,"featured_media":2008,"comment_status":"open","ping_status":"open","sticky":false,"template":"","format":"standard","meta":{"_citadela_custom_class":"","footnotes":""},"categories":[78,61,77,126,124],"tags":[67,136,79,107,121,110],"citadela-post-location":[137],"class_list":["post-2391","post","type-post","status-publish","format-standard","has-post-thumbnail","hentry","category-astronomia","category-astroturismo-es","category-cielo-del-mes","category-eclipse-2025","category-eclipse-solar","tag-astroturismo","tag-cielo-de-marzo","tag-cielo-del-mes","tag-cielos-de-guadalajara","tag-eclipse-solar","tag-reserva-starlight"],"yoast_head":"<!-- This site is optimized with the Yoast SEO plugin v26.8 - https:\/\/yoast.com\/product\/yoast-seo-wordpress\/ -->\n<title>Eventos astron\u00f3micos en marzo de 2025: \u00a1Nos preparamos para el gran eclipse espa\u00f1ol! - CosmoGuada<\/title>\n<meta name=\"description\" content=\"Descubre el eclipse solar parcial del 29 de marzo, encuentros planetarios y el equinoccio de primavera en un mes de astroturismo en Guadalajara.\" \/>\n<meta name=\"robots\" content=\"index, follow, max-snippet:-1, max-image-preview:large, max-video-preview:-1\" \/>\n<link rel=\"canonical\" href=\"https:\/\/cosmoguada.es\/en\/2025\/03\/01\/el-cielo-de-marzo-2025\/\" \/>\n<meta property=\"og:locale\" content=\"en_GB\" \/>\n<meta property=\"og:type\" content=\"article\" \/>\n<meta property=\"og:title\" content=\"Eventos astron\u00f3micos en marzo de 2025: \u00a1Nos preparamos para el gran eclipse espa\u00f1ol! - CosmoGuada\" \/>\n<meta property=\"og:description\" content=\"Descubre el eclipse solar parcial del 29 de marzo, encuentros planetarios y el equinoccio de primavera en un mes de astroturismo en Guadalajara.\" \/>\n<meta property=\"og:url\" content=\"https:\/\/cosmoguada.es\/en\/2025\/03\/01\/el-cielo-de-marzo-2025\/\" \/>\n<meta property=\"og:site_name\" content=\"CosmoGuada\" \/>\n<meta property=\"article:publisher\" content=\"https:\/\/www.facebook.com\/CosmoGuada\/\" \/>\n<meta property=\"article:author\" content=\"https:\/\/www.facebook.com\/CosmoGuada\/\" \/>\n<meta property=\"article:published_time\" content=\"2025-03-01T19:13:15+00:00\" \/>\n<meta property=\"article:modified_time\" content=\"2025-03-01T19:13:16+00:00\" \/>\n<meta property=\"og:image\" content=\"https:\/\/cosmoguada.es\/wp-content\/uploads\/2024\/12\/2025-03-29_sunSequence_Madrid.png\" \/>\n\t<meta property=\"og:image:width\" content=\"1920\" \/>\n\t<meta property=\"og:image:height\" content=\"1572\" \/>\n\t<meta property=\"og:image:type\" content=\"image\/png\" \/>\n<meta name=\"author\" content=\"cosmoguada\" \/>\n<meta name=\"twitter:card\" content=\"summary_large_image\" \/>\n<meta name=\"twitter:label1\" content=\"Written by\" \/>\n\t<meta name=\"twitter:data1\" content=\"cosmoguada\" \/>\n\t<meta name=\"twitter:label2\" content=\"Estimated reading time\" \/>\n\t<meta name=\"twitter:data2\" content=\"7 minutes\" \/>\n<script type=\"application\/ld+json\" class=\"yoast-schema-graph\">{\"@context\":\"https:\/\/schema.org\",\"@graph\":[{\"@type\":\"Article\",\"@id\":\"https:\/\/cosmoguada.es\/2025\/03\/01\/el-cielo-de-marzo-2025\/#article\",\"isPartOf\":{\"@id\":\"https:\/\/cosmoguada.es\/2025\/03\/01\/el-cielo-de-marzo-2025\/\"},\"author\":{\"name\":\"cosmoguada\",\"@id\":\"https:\/\/cosmoguada.es\/#\/schema\/person\/05b04f6e96f86dbf173fd805f9280d25\"},\"headline\":\"Eventos astron\u00f3micos en marzo de 2025: \u00a1Nos preparamos para el gran eclipse espa\u00f1ol!\",\"datePublished\":\"2025-03-01T19:13:15+00:00\",\"dateModified\":\"2025-03-01T19:13:16+00:00\",\"mainEntityOfPage\":{\"@id\":\"https:\/\/cosmoguada.es\/2025\/03\/01\/el-cielo-de-marzo-2025\/\"},\"wordCount\":1437,\"commentCount\":0,\"publisher\":{\"@id\":\"https:\/\/cosmoguada.es\/#organization\"},\"image\":{\"@id\":\"https:\/\/cosmoguada.es\/2025\/03\/01\/el-cielo-de-marzo-2025\/#primaryimage\"},\"thumbnailUrl\":\"https:\/\/cosmoguada.es\/wp-content\/uploads\/2024\/12\/2025-03-29_sunSequence_Madrid.png\",\"keywords\":[\"astroturismo\",\"cielo de marzo\",\"cielo del mes\",\"Cielos de Guadalajara\",\"eclipse solar\",\"Reserva Starlight\"],\"articleSection\":[\"Astronom\u00eda\",\"Astroturismo\",\"Cielo del mes\",\"Eclipse 2025\",\"Eclipse solar\"],\"inLanguage\":\"en-GB\",\"potentialAction\":[{\"@type\":\"CommentAction\",\"name\":\"Comment\",\"target\":[\"https:\/\/cosmoguada.es\/2025\/03\/01\/el-cielo-de-marzo-2025\/#respond\"]}]},{\"@type\":\"WebPage\",\"@id\":\"https:\/\/cosmoguada.es\/2025\/03\/01\/el-cielo-de-marzo-2025\/\",\"url\":\"https:\/\/cosmoguada.es\/2025\/03\/01\/el-cielo-de-marzo-2025\/\",\"name\":\"Eventos astron\u00f3micos en marzo de 2025: \u00a1Nos preparamos para el gran eclipse espa\u00f1ol! - CosmoGuada\",\"isPartOf\":{\"@id\":\"https:\/\/cosmoguada.es\/#website\"},\"primaryImageOfPage\":{\"@id\":\"https:\/\/cosmoguada.es\/2025\/03\/01\/el-cielo-de-marzo-2025\/#primaryimage\"},\"image\":{\"@id\":\"https:\/\/cosmoguada.es\/2025\/03\/01\/el-cielo-de-marzo-2025\/#primaryimage\"},\"thumbnailUrl\":\"https:\/\/cosmoguada.es\/wp-content\/uploads\/2024\/12\/2025-03-29_sunSequence_Madrid.png\",\"datePublished\":\"2025-03-01T19:13:15+00:00\",\"dateModified\":\"2025-03-01T19:13:16+00:00\",\"description\":\"Descubre el eclipse solar parcial del 29 de marzo, encuentros planetarios y el equinoccio de primavera en un mes de astroturismo en Guadalajara.\",\"breadcrumb\":{\"@id\":\"https:\/\/cosmoguada.es\/2025\/03\/01\/el-cielo-de-marzo-2025\/#breadcrumb\"},\"inLanguage\":\"en-GB\",\"potentialAction\":[{\"@type\":\"ReadAction\",\"target\":[\"https:\/\/cosmoguada.es\/2025\/03\/01\/el-cielo-de-marzo-2025\/\"]}]},{\"@type\":\"ImageObject\",\"inLanguage\":\"en-GB\",\"@id\":\"https:\/\/cosmoguada.es\/2025\/03\/01\/el-cielo-de-marzo-2025\/#primaryimage\",\"url\":\"https:\/\/cosmoguada.es\/wp-content\/uploads\/2024\/12\/2025-03-29_sunSequence_Madrid.png\",\"contentUrl\":\"https:\/\/cosmoguada.es\/wp-content\/uploads\/2024\/12\/2025-03-29_sunSequence_Madrid.png\",\"width\":1920,\"height\":1572,\"caption\":\"Secuencia del eclipse. Cr\u00e9dito IGN - OAN\"},{\"@type\":\"BreadcrumbList\",\"@id\":\"https:\/\/cosmoguada.es\/2025\/03\/01\/el-cielo-de-marzo-2025\/#breadcrumb\",\"itemListElement\":[{\"@type\":\"ListItem\",\"position\":1,\"name\":\"Portada\",\"item\":\"https:\/\/cosmoguada.es\/\"},{\"@type\":\"ListItem\",\"position\":2,\"name\":\"Astroturismo\",\"item\":\"https:\/\/cosmoguada.es\/en\/category\/astroturismo-es\/\"},{\"@type\":\"ListItem\",\"position\":3,\"name\":\"Eventos astron\u00f3micos en marzo de 2025: \u00a1Nos preparamos para el gran eclipse espa\u00f1ol!\"}]},{\"@type\":\"WebSite\",\"@id\":\"https:\/\/cosmoguada.es\/#website\",\"url\":\"https:\/\/cosmoguada.es\/\",\"name\":\"CosmoGuada\",\"description\":\"Experiencias Astron\u00f3micas en Guadalajara\",\"publisher\":{\"@id\":\"https:\/\/cosmoguada.es\/#organization\"},\"potentialAction\":[{\"@type\":\"SearchAction\",\"target\":{\"@type\":\"EntryPoint\",\"urlTemplate\":\"https:\/\/cosmoguada.es\/?s={search_term_string}\"},\"query-input\":{\"@type\":\"PropertyValueSpecification\",\"valueRequired\":true,\"valueName\":\"search_term_string\"}}],\"inLanguage\":\"en-GB\"},{\"@type\":\"Organization\",\"@id\":\"https:\/\/cosmoguada.es\/#organization\",\"name\":\"CosmoGuada\",\"url\":\"https:\/\/cosmoguada.es\/\",\"logo\":{\"@type\":\"ImageObject\",\"inLanguage\":\"en-GB\",\"@id\":\"https:\/\/cosmoguada.es\/#\/schema\/logo\/image\/\",\"url\":\"https:\/\/cosmoguada.es\/wp-content\/uploads\/2023\/11\/logo-cosmoguada-120x120-1.png\",\"contentUrl\":\"https:\/\/cosmoguada.es\/wp-content\/uploads\/2023\/11\/logo-cosmoguada-120x120-1.png\",\"width\":120,\"height\":120,\"caption\":\"CosmoGuada\"},\"image\":{\"@id\":\"https:\/\/cosmoguada.es\/#\/schema\/logo\/image\/\"},\"sameAs\":[\"https:\/\/www.facebook.com\/CosmoGuada\/\",\"https:\/\/www.instagram.com\/cosmo.guada\/\"]},{\"@type\":\"Person\",\"@id\":\"https:\/\/cosmoguada.es\/#\/schema\/person\/05b04f6e96f86dbf173fd805f9280d25\",\"name\":\"cosmoguada\",\"image\":{\"@type\":\"ImageObject\",\"inLanguage\":\"en-GB\",\"@id\":\"https:\/\/cosmoguada.es\/#\/schema\/person\/image\/\",\"url\":\"https:\/\/secure.gravatar.com\/avatar\/98d7995df4bfffb4e17325fdd354f2cdf36450ed48776190c869e438f94d724b?s=96&d=mm&r=g\",\"contentUrl\":\"https:\/\/secure.gravatar.com\/avatar\/98d7995df4bfffb4e17325fdd354f2cdf36450ed48776190c869e438f94d724b?s=96&d=mm&r=g\",\"caption\":\"cosmoguada\"},\"description\":\"Deja que me presente. Mi nombre es Lola Silva, (ex)urbanita convencida (vaya, parece que no tan convencida). Llegu\u00e9 a Saelices de la Sal en 2012 y con el paso de los a\u00f1os descubr\u00ed algo nuevo sobre m\u00ed: SOY RURAL. Fue duro adaptarme a esta nueva vida que hoy me trae tanta felicidad. Cada d\u00eda descubro (nuevamente) las maravillas que me rodean: la floraci\u00f3n de las jaras, la nueva cosecha de sal, las migraciones de las aves, los car\u00e1mbanos colgando de los tejados... He elegido vivir y trabajar aqu\u00ed, me he formado (y sigo en ello, formaci\u00f3n continua...) y ahora quiero ense\u00f1arte a ti, que tambi\u00e9n vives en una ciudad, a descubrir la magia que se encierra en el cielo estrellado, en la resina del pino, en la flor de sal, en las aves que nos rodean, en la flora que se abre paso por cada rinc\u00f3n. Te invito a acompa\u00f1arme en un viaje lleno de conocimiento y curiosidades, de una visi\u00f3n diferente del mundo. \u00a1Ven a Saelices de la Sal!\",\"sameAs\":[\"http:\/\/cosmoguada.es\",\"https:\/\/www.facebook.com\/CosmoGuada\/\",\"https:\/\/www.instagram.com\/cosmo.guada\/\"],\"url\":\"https:\/\/cosmoguada.es\/en\/author\/cosmoguada\/\"}]}<\/script>\n<!-- \/ Yoast SEO plugin. -->","yoast_head_json":{"title":"Eventos astron\u00f3micos en marzo de 2025: \u00a1Nos preparamos para el gran eclipse espa\u00f1ol! - CosmoGuada","description":"Descubre el eclipse solar parcial del 29 de marzo, encuentros planetarios y el equinoccio de primavera en un mes de astroturismo en Guadalajara.","robots":{"index":"index","follow":"follow","max-snippet":"max-snippet:-1","max-image-preview":"max-image-preview:large","max-video-preview":"max-video-preview:-1"},"canonical":"https:\/\/cosmoguada.es\/en\/2025\/03\/01\/el-cielo-de-marzo-2025\/","og_locale":"en_GB","og_type":"article","og_title":"Eventos astron\u00f3micos en marzo de 2025: \u00a1Nos preparamos para el gran eclipse espa\u00f1ol! - CosmoGuada","og_description":"Descubre el eclipse solar parcial del 29 de marzo, encuentros planetarios y el equinoccio de primavera en un mes de astroturismo en Guadalajara.","og_url":"https:\/\/cosmoguada.es\/en\/2025\/03\/01\/el-cielo-de-marzo-2025\/","og_site_name":"CosmoGuada","article_publisher":"https:\/\/www.facebook.com\/CosmoGuada\/","article_author":"https:\/\/www.facebook.com\/CosmoGuada\/","article_published_time":"2025-03-01T19:13:15+00:00","article_modified_time":"2025-03-01T19:13:16+00:00","og_image":[{"width":1920,"height":1572,"url":"https:\/\/cosmoguada.es\/wp-content\/uploads\/2024\/12\/2025-03-29_sunSequence_Madrid.png","type":"image\/png"}],"author":"cosmoguada","twitter_card":"summary_large_image","twitter_misc":{"Written by":"cosmoguada","Estimated reading time":"7 minutes"},"schema":{"@context":"https:\/\/schema.org","@graph":[{"@type":"Article","@id":"https:\/\/cosmoguada.es\/2025\/03\/01\/el-cielo-de-marzo-2025\/#article","isPartOf":{"@id":"https:\/\/cosmoguada.es\/2025\/03\/01\/el-cielo-de-marzo-2025\/"},"author":{"name":"cosmoguada","@id":"https:\/\/cosmoguada.es\/#\/schema\/person\/05b04f6e96f86dbf173fd805f9280d25"},"headline":"Eventos astron\u00f3micos en marzo de 2025: \u00a1Nos preparamos para el gran eclipse espa\u00f1ol!","datePublished":"2025-03-01T19:13:15+00:00","dateModified":"2025-03-01T19:13:16+00:00","mainEntityOfPage":{"@id":"https:\/\/cosmoguada.es\/2025\/03\/01\/el-cielo-de-marzo-2025\/"},"wordCount":1437,"commentCount":0,"publisher":{"@id":"https:\/\/cosmoguada.es\/#organization"},"image":{"@id":"https:\/\/cosmoguada.es\/2025\/03\/01\/el-cielo-de-marzo-2025\/#primaryimage"},"thumbnailUrl":"https:\/\/cosmoguada.es\/wp-content\/uploads\/2024\/12\/2025-03-29_sunSequence_Madrid.png","keywords":["astroturismo","cielo de marzo","cielo del mes","Cielos de Guadalajara","eclipse solar","Reserva Starlight"],"articleSection":["Astronom\u00eda","Astroturismo","Cielo del mes","Eclipse 2025","Eclipse solar"],"inLanguage":"en-GB","potentialAction":[{"@type":"CommentAction","name":"Comment","target":["https:\/\/cosmoguada.es\/2025\/03\/01\/el-cielo-de-marzo-2025\/#respond"]}]},{"@type":"WebPage","@id":"https:\/\/cosmoguada.es\/2025\/03\/01\/el-cielo-de-marzo-2025\/","url":"https:\/\/cosmoguada.es\/2025\/03\/01\/el-cielo-de-marzo-2025\/","name":"Eventos astron\u00f3micos en marzo de 2025: \u00a1Nos preparamos para el gran eclipse espa\u00f1ol! - CosmoGuada","isPartOf":{"@id":"https:\/\/cosmoguada.es\/#website"},"primaryImageOfPage":{"@id":"https:\/\/cosmoguada.es\/2025\/03\/01\/el-cielo-de-marzo-2025\/#primaryimage"},"image":{"@id":"https:\/\/cosmoguada.es\/2025\/03\/01\/el-cielo-de-marzo-2025\/#primaryimage"},"thumbnailUrl":"https:\/\/cosmoguada.es\/wp-content\/uploads\/2024\/12\/2025-03-29_sunSequence_Madrid.png","datePublished":"2025-03-01T19:13:15+00:00","dateModified":"2025-03-01T19:13:16+00:00","description":"Descubre el eclipse solar parcial del 29 de marzo, encuentros planetarios y el equinoccio de primavera en un mes de astroturismo en Guadalajara.","breadcrumb":{"@id":"https:\/\/cosmoguada.es\/2025\/03\/01\/el-cielo-de-marzo-2025\/#breadcrumb"},"inLanguage":"en-GB","potentialAction":[{"@type":"ReadAction","target":["https:\/\/cosmoguada.es\/2025\/03\/01\/el-cielo-de-marzo-2025\/"]}]},{"@type":"ImageObject","inLanguage":"en-GB","@id":"https:\/\/cosmoguada.es\/2025\/03\/01\/el-cielo-de-marzo-2025\/#primaryimage","url":"https:\/\/cosmoguada.es\/wp-content\/uploads\/2024\/12\/2025-03-29_sunSequence_Madrid.png","contentUrl":"https:\/\/cosmoguada.es\/wp-content\/uploads\/2024\/12\/2025-03-29_sunSequence_Madrid.png","width":1920,"height":1572,"caption":"Secuencia del eclipse. Cr\u00e9dito IGN - OAN"},{"@type":"BreadcrumbList","@id":"https:\/\/cosmoguada.es\/2025\/03\/01\/el-cielo-de-marzo-2025\/#breadcrumb","itemListElement":[{"@type":"ListItem","position":1,"name":"Portada","item":"https:\/\/cosmoguada.es\/"},{"@type":"ListItem","position":2,"name":"Astroturismo","item":"https:\/\/cosmoguada.es\/en\/category\/astroturismo-es\/"},{"@type":"ListItem","position":3,"name":"Eventos astron\u00f3micos en marzo de 2025: \u00a1Nos preparamos para el gran eclipse espa\u00f1ol!"}]},{"@type":"WebSite","@id":"https:\/\/cosmoguada.es\/#website","url":"https:\/\/cosmoguada.es\/","name":"CosmoGuada","description":"Astronomical Experiences in Guadalajara","publisher":{"@id":"https:\/\/cosmoguada.es\/#organization"},"potentialAction":[{"@type":"SearchAction","target":{"@type":"EntryPoint","urlTemplate":"https:\/\/cosmoguada.es\/?s={search_term_string}"},"query-input":{"@type":"PropertyValueSpecification","valueRequired":true,"valueName":"search_term_string"}}],"inLanguage":"en-GB"},{"@type":"Organization","@id":"https:\/\/cosmoguada.es\/#organization","name":"CosmoGuada","url":"https:\/\/cosmoguada.es\/","logo":{"@type":"ImageObject","inLanguage":"en-GB","@id":"https:\/\/cosmoguada.es\/#\/schema\/logo\/image\/","url":"https:\/\/cosmoguada.es\/wp-content\/uploads\/2023\/11\/logo-cosmoguada-120x120-1.png","contentUrl":"https:\/\/cosmoguada.es\/wp-content\/uploads\/2023\/11\/logo-cosmoguada-120x120-1.png","width":120,"height":120,"caption":"CosmoGuada"},"image":{"@id":"https:\/\/cosmoguada.es\/#\/schema\/logo\/image\/"},"sameAs":["https:\/\/www.facebook.com\/CosmoGuada\/","https:\/\/www.instagram.com\/cosmo.guada\/"]},{"@type":"Person","@id":"https:\/\/cosmoguada.es\/#\/schema\/person\/05b04f6e96f86dbf173fd805f9280d25","name":"cosmoguada","image":{"@type":"ImageObject","inLanguage":"en-GB","@id":"https:\/\/cosmoguada.es\/#\/schema\/person\/image\/","url":"https:\/\/secure.gravatar.com\/avatar\/98d7995df4bfffb4e17325fdd354f2cdf36450ed48776190c869e438f94d724b?s=96&d=mm&r=g","contentUrl":"https:\/\/secure.gravatar.com\/avatar\/98d7995df4bfffb4e17325fdd354f2cdf36450ed48776190c869e438f94d724b?s=96&d=mm&r=g","caption":"cosmoguada"},"description":"Deja que me presente. Mi nombre es Lola Silva, (ex)urbanita convencida (vaya, parece que no tan convencida). Llegu\u00e9 a Saelices de la Sal en 2012 y con el paso de los a\u00f1os descubr\u00ed algo nuevo sobre m\u00ed: SOY RURAL. Fue duro adaptarme a esta nueva vida que hoy me trae tanta felicidad. Cada d\u00eda descubro (nuevamente) las maravillas que me rodean: la floraci\u00f3n de las jaras, la nueva cosecha de sal, las migraciones de las aves, los car\u00e1mbanos colgando de los tejados... He elegido vivir y trabajar aqu\u00ed, me he formado (y sigo en ello, formaci\u00f3n continua...) y ahora quiero ense\u00f1arte a ti, que tambi\u00e9n vives en una ciudad, a descubrir la magia que se encierra en el cielo estrellado, en la resina del pino, en la flor de sal, en las aves que nos rodean, en la flora que se abre paso por cada rinc\u00f3n. Te invito a acompa\u00f1arme en un viaje lleno de conocimiento y curiosidades, de una visi\u00f3n diferente del mundo. \u00a1Ven a Saelices de la Sal!","sameAs":["http:\/\/cosmoguada.es","https:\/\/www.facebook.com\/CosmoGuada\/","https:\/\/www.instagram.com\/cosmo.guada\/"],"url":"https:\/\/cosmoguada.es\/en\/author\/cosmoguada\/"}]}},"_links":{"self":[{"href":"https:\/\/cosmoguada.es\/en\/wp-json\/wp\/v2\/posts\/2391","targetHints":{"allow":["GET"]}}],"collection":[{"href":"https:\/\/cosmoguada.es\/en\/wp-json\/wp\/v2\/posts"}],"about":[{"href":"https:\/\/cosmoguada.es\/en\/wp-json\/wp\/v2\/types\/post"}],"author":[{"embeddable":true,"href":"https:\/\/cosmoguada.es\/en\/wp-json\/wp\/v2\/users\/1"}],"replies":[{"embeddable":true,"href":"https:\/\/cosmoguada.es\/en\/wp-json\/wp\/v2\/comments?post=2391"}],"version-history":[{"count":6,"href":"https:\/\/cosmoguada.es\/en\/wp-json\/wp\/v2\/posts\/2391\/revisions"}],"predecessor-version":[{"id":2422,"href":"https:\/\/cosmoguada.es\/en\/wp-json\/wp\/v2\/posts\/2391\/revisions\/2422"}],"wp:featuredmedia":[{"embeddable":true,"href":"https:\/\/cosmoguada.es\/en\/wp-json\/wp\/v2\/media\/2008"}],"wp:attachment":[{"href":"https:\/\/cosmoguada.es\/en\/wp-json\/wp\/v2\/media?parent=2391"}],"wp:term":[{"taxonomy":"category","embeddable":true,"href":"https:\/\/cosmoguada.es\/en\/wp-json\/wp\/v2\/categories?post=2391"},{"taxonomy":"post_tag","embeddable":true,"href":"https:\/\/cosmoguada.es\/en\/wp-json\/wp\/v2\/tags?post=2391"},{"taxonomy":"citadela-post-location","embeddable":true,"href":"https:\/\/cosmoguada.es\/en\/wp-json\/wp\/v2\/citadela-post-location?post=2391"}],"curies":[{"name":"wp","href":"https:\/\/api.w.org\/{rel}","templated":true}]}}